{"id":327403,"date":"2025-08-09T21:12:01","date_gmt":"2025-08-09T18:12:01","guid":{"rendered":"https:\/\/sana.sy\/tr\/?p=327403"},"modified":"2025-08-09T21:12:01","modified_gmt":"2025-08-09T18:12:01","slug":"azerbaycan-gazi-humustaki-cender-elektrik-santraline-ulasti","status":"publish","type":"post","link":"https:\/\/archive.sana.sy\/tr\/?p=327403","title":{"rendered":"Azerbaycan Gaz\u0131, Humus&#8217;taki Cender Elektrik Santrali&#8217;ne Ula\u015ft\u0131"},"content":{"rendered":"<p style=\"text-align: justify;\"><span style=\"color: #ff0000;\"><strong>HUMUS (SANA) &#8211;<\/strong><\/span> Suriye\u2019de elektrik \u00fcretim kapasitesini art\u0131rmaya y\u00f6nelik \u00f6nemli bir ad\u0131m olarak, Azerbaycan do\u011falgaz\u0131 bug\u00fcn Humus ilindeki Cender Elektrik Santrali\u2019ne ula\u015ft\u0131. B\u00f6ylece santral, do\u011falgaz ile \u00e7al\u0131\u015fmaya ba\u015flad\u0131. A\u00e7\u0131l\u0131\u015f t\u00f6renine Petrol \u0130\u015flerinden Sorumlu Enerji Bakan Yard\u0131mc\u0131s\u0131 G\u0131yas Diyab ile Humus Valisi Abdurrahman El Ama kat\u0131ld\u0131.<\/p>\n<p style=\"text-align: justify;\">Bu ad\u0131m, Suriye Enerji Bakanl\u0131\u011f\u0131\u2019n\u0131n elektrik \u00fcretimini art\u0131rmay\u0131 ve elektrik altyap\u0131s\u0131n\u0131 geli\u015ftirmeyi hedefleyen plan\u0131n\u0131n bir par\u00e7as\u0131 olarak at\u0131ld\u0131.<img loading=\"lazy\" decoding=\"async\" class=\"size-full wp-image-327405 alignright\" src=\"http:\/\/sana.sy\/tr\/wp-content\/uploads\/2025\/08\/\u0627\u0630\u0631\u064a244444-300x168-1.png\" alt=\"\" width=\"300\" height=\"168\" \/><\/p>\n<p style=\"text-align: justify;\">SANA\u2019ya a\u00e7\u0131klamalarda bulunan Bakan Yard\u0131mc\u0131s\u0131 Diyab, santralin do\u011falgaz ile \u00e7al\u0131\u015fmas\u0131n\u0131n elektrik durumunu \u00f6nemli \u00f6l\u00e7\u00fcde iyile\u015ftirece\u011fini belirtti. Santralden g\u00fcnl\u00fck 700 ila 800 megavat elektrik \u00fcretimi bekleniyor ve bu \u00fcretimin, \u00fclkenin \u00e7e\u015fitli illerinde elektrik arz saatlerini art\u0131raca\u011f\u0131 \u00f6ng\u00f6r\u00fcl\u00fcyor.<\/p>\n<p style=\"text-align: justify;\">Diyab ayr\u0131ca, bu geli\u015fmenin enerji sekt\u00f6r\u00fcnde niteliksel bir s\u0131\u00e7rama niteli\u011fi ta\u015f\u0131d\u0131\u011f\u0131n\u0131 vurgulayarak, halk\u0131n elektrik ihtiyac\u0131n\u0131n kar\u015f\u0131lanmas\u0131na y\u00f6nelik \u00e7al\u0131\u015fmalar\u0131n, enerji altyap\u0131s\u0131n\u0131 geli\u015ftirme \u00e7abalar\u0131 kapsam\u0131nda kararl\u0131l\u0131kla s\u00fcrd\u00fc\u011f\u00fcn\u00fc ifade etti.<\/p>\n","protected":false},"excerpt":{"rendered":"<p>HUMUS (SANA) &#8211; Suriye\u2019de elektrik \u00fcretim kapasitesini art\u0131rmaya y\u00f6nelik \u00f6nemli bir ad\u0131m olarak, Azerbaycan do\u011falgaz\u0131 bug\u00fcn Humus ilindeki Cender Elektrik Santrali\u2019ne ula\u015ft\u0131. B\u00f6ylece santral, do\u011falgaz ile \u00e7al\u0131\u015fmaya ba\u015flad\u0131. A\u00e7\u0131l\u0131\u015f t\u00f6renine Petrol \u0130\u015flerinden Sorumlu Enerji Bakan Yard\u0131mc\u0131s\u0131 G\u0131yas Diyab ile Humus Valisi Abdurrahman El Ama kat\u0131ld\u0131. Bu ad\u0131m, Suriye Enerji Bakanl\u0131\u011f\u0131\u2019n\u0131n elektrik \u00fcretimini art\u0131rmay\u0131 ve elektrik &hellip;<\/p>\n","protected":false},"author":41,"featured_media":327404,"comment_status":"closed","ping_status":"closed","sticky":false,"template":"","format":"standard","meta":{"footnotes":""},"categories":[485,486,479,17988,478],"tags":[],"class_list":["post-327403","post","type-post","status-publish","format-standard","has-post-thumbnail","","category-is-ve-sermaye","category-haberler-is-ve-sermaye","category-haberler-yerel","category-son-haberler","category-yerel"],"_links":{"self":[{"href":"https:\/\/archive.sana.sy\/tr\/index.php?rest_route=\/wp\/v2\/posts\/327403","targetHints":{"allow":["GET"]}}],"collection":[{"href":"https:\/\/archive.sana.sy\/tr\/index.php?rest_route=\/wp\/v2\/posts"}],"about":[{"href":"https:\/\/archive.sana.sy\/tr\/index.php?rest_route=\/wp\/v2\/types\/post"}],"author":[{"embeddable":true,"href":"https:\/\/archive.sana.sy\/tr\/index.php?rest_route=\/wp\/v2\/users\/41"}],"replies":[{"embeddable":true,"href":"https:\/\/archive.sana.sy\/tr\/index.php?rest_route=%2Fwp%2Fv2%2Fcomments&post=327403"}],"version-history":[{"count":1,"href":"https:\/\/archive.sana.sy\/tr\/index.php?rest_route=\/wp\/v2\/posts\/327403\/revisions"}],"predecessor-version":[{"id":327406,"href":"https:\/\/archive.sana.sy\/tr\/index.php?rest_route=\/wp\/v2\/posts\/327403\/revisions\/327406"}],"wp:featuredmedia":[{"embeddable":true,"href":"https:\/\/archive.sana.sy\/tr\/index.php?rest_route=\/wp\/v2\/media\/327404"}],"wp:attachment":[{"href":"https:\/\/archive.sana.sy\/tr\/index.php?rest_route=%2Fwp%2Fv2%2Fmedia&parent=327403"}],"wp:term":[{"taxonomy":"category","embeddable":true,"href":"https:\/\/archive.sana.sy\/tr\/index.php?rest_route=%2Fwp%2Fv2%2Fcategories&post=327403"},{"taxonomy":"post_tag","embeddable":true,"href":"https:\/\/archive.sana.sy\/tr\/index.php?rest_route=%2Fwp%2Fv2%2Ftags&post=327403"}],"curies":[{"name":"wp","href":"https:\/\/api.w.org\/{rel}","templated":true}]}}