{"id":327411,"date":"2025-08-10T09:45:40","date_gmt":"2025-08-10T06:45:40","guid":{"rendered":"https:\/\/sana.sy\/tr\/?p=327411"},"modified":"2025-08-10T09:45:40","modified_gmt":"2025-08-10T06:45:40","slug":"motorex-expo-2025-200u-askin-anlasma-ve-binlerce-ziyaretciyle-sona-erdi","status":"publish","type":"post","link":"https:\/\/archive.sana.sy\/tr\/?p=327411","title":{"rendered":"Motorex Expo 2025\u201d 200&#8217;\u00fc A\u015fk\u0131n Anla\u015fma ve Binlerce Ziyaret\u00e7iyle Sona Erdi"},"content":{"rendered":"<p style=\"text-align: justify;\"><strong>\u015eAM (SANA) &#8211; <\/strong>\u015eam\u2019daki Yeni Fuarlar Kentinde d\u00fczenlenen \u201cMotorex Expo 2025\u201d Uluslararas\u0131 Otomobil Fuar\u0131, g\u00fcnl\u00fck 200\u2019\u00fc a\u015fk\u0131n ticari anla\u015fmaya ve be\u015f g\u00fcn boyunca 30 ila 40 bin aras\u0131nda de\u011fi\u015fen ziyaret\u00e7i say\u0131s\u0131na sahne olarak yo\u011fun ilgi g\u00f6rd\u00fc ve \u00f6nemli bir ba\u015far\u0131ya imza att\u0131.<\/p>\n<p style=\"text-align: justify;\"><img loading=\"lazy\" decoding=\"async\" class=\"size-medium wp-image-327413 alignright\" src=\"http:\/\/sana.sy\/tr\/wp-content\/uploads\/2025\/08\/7777-2-768x462-1-300x180.jpg\" alt=\"\" width=\"300\" height=\"180\" srcset=\"https:\/\/archive.sana.sy\/tr\/wp-content\/uploads\/2025\/08\/7777-2-768x462-1-300x180.jpg 300w, https:\/\/archive.sana.sy\/tr\/wp-content\/uploads\/2025\/08\/7777-2-768x462-1.jpg 768w\" sizes=\"auto, (max-width: 300px) 100vw, 300px\" \/>Fuar\u0131n organizat\u00f6r\u00fc Dr. Muhammed Urfal\u0131, etkinli\u011fe Suriye\u2019den ve yurt d\u0131\u015f\u0131ndan bir\u00e7ok firman\u0131n kat\u0131ld\u0131\u011f\u0131n\u0131 ve \u00f6zellikle Dubai\u2019den gelen Suriyeli i\u015f insanlar\u0131n\u0131n da yer ald\u0131\u011f\u0131n\u0131 belirterek, t\u00fcm kat\u0131l\u0131mc\u0131lar\u0131n ciddi kazan\u0131mlar elde etti\u011fini ve bunun yerel pazarda ya\u015fanan canlanmay\u0131 ile ge\u00e7mi\u015fte geli\u015fmeyi engelleyen k\u0131s\u0131tlamalar\u0131n a\u015f\u0131lmakta oldu\u011funu g\u00f6sterdi\u011fini ifade etti<\/p>\n<p style=\"text-align: justify;\">Urfal\u0131, ge\u00e7mi\u015f y\u0131llarda uygulanan ekonomik yapt\u0131r\u0131mlar\u0131n bir\u00e7ok distrib\u00fct\u00f6r\u00fcn kat\u0131l\u0131m\u0131n\u0131 engelledi\u011fini, ancak mevcut iyile\u015fme s\u00fcreciyle daha fazla \u015firketin fuara ilgi g\u00f6sterdi\u011fini kaydetti.<\/p>\n<p style=\"text-align: justify;\">Dr. Urfal\u0131, Motorex kapsam\u0131nda, her Cuma \u015eam\u2019daki &#8220;El Fahame&#8221; Meydan\u0131\u2019nda d\u00fczenlenecek haftal\u0131k otomobil m\u00fczayedesiyle halka y\u0131l boyunca s\u00fcrekli inceleme ve do\u011frudan sat\u0131n alma imkan\u0131 sunulaca\u011f\u0131 duyuruldu.<\/p>\n<div id='gallery-1' class='gallery galleryid-327411 gallery-columns-2 gallery-size-full'><figure class='gallery-item'>\n\t\t\t<div class='gallery-icon landscape'>\n\t\t\t\t<a href='https:\/\/archive.sana.sy\/tr\/wp-content\/uploads\/2025\/08\/666-3-scaled-1.jpg'><img loading=\"lazy\" decoding=\"async\" width=\"2560\" height=\"1703\" src=\"https:\/\/archive.sana.sy\/tr\/wp-content\/uploads\/2025\/08\/666-3-scaled-1.jpg\" class=\"attachment-full size-full\" alt=\"\" srcset=\"https:\/\/archive.sana.sy\/tr\/wp-content\/uploads\/2025\/08\/666-3-scaled-1.jpg 2560w, https:\/\/archive.sana.sy\/tr\/wp-content\/uploads\/2025\/08\/666-3-scaled-1-300x200.jpg 300w, https:\/\/archive.sana.sy\/tr\/wp-content\/uploads\/2025\/08\/666-3-scaled-1-1024x681.jpg 1024w, https:\/\/archive.sana.sy\/tr\/wp-content\/uploads\/2025\/08\/666-3-scaled-1-768x511.jpg 768w, https:\/\/archive.sana.sy\/tr\/wp-content\/uploads\/2025\/08\/666-3-scaled-1-1536x1022.jpg 1536w, https:\/\/archive.sana.sy\/tr\/wp-content\/uploads\/2025\/08\/666-3-scaled-1-2048x1362.jpg 2048w, https:\/\/archive.sana.sy\/tr\/wp-content\/uploads\/2025\/08\/666-3-scaled-1-310x205.jpg 310w\" sizes=\"auto, (max-width: 2560px) 100vw, 2560px\" \/><\/a>\n\t\t\t<\/div><\/figure><figure class='gallery-item'>\n\t\t\t<div class='gallery-icon landscape'>\n\t\t\t\t<a href='https:\/\/archive.sana.sy\/tr\/wp-content\/uploads\/2025\/08\/2222-scaled-1.jpg'><img loading=\"lazy\" decoding=\"async\" width=\"2560\" height=\"1614\" src=\"https:\/\/archive.sana.sy\/tr\/wp-content\/uploads\/2025\/08\/2222-scaled-1.jpg\" class=\"attachment-full size-full\" alt=\"\" srcset=\"https:\/\/archive.sana.sy\/tr\/wp-content\/uploads\/2025\/08\/2222-scaled-1.jpg 2560w, https:\/\/archive.sana.sy\/tr\/wp-content\/uploads\/2025\/08\/2222-scaled-1-300x189.jpg 300w, https:\/\/archive.sana.sy\/tr\/wp-content\/uploads\/2025\/08\/2222-scaled-1-1024x646.jpg 1024w, https:\/\/archive.sana.sy\/tr\/wp-content\/uploads\/2025\/08\/2222-scaled-1-768x484.jpg 768w, https:\/\/archive.sana.sy\/tr\/wp-content\/uploads\/2025\/08\/2222-scaled-1-1536x968.jpg 1536w, https:\/\/archive.sana.sy\/tr\/wp-content\/uploads\/2025\/08\/2222-scaled-1-2048x1291.jpg 2048w\" sizes=\"auto, (max-width: 2560px) 100vw, 2560px\" \/><\/a>\n\t\t\t<\/div><\/figure><figure class='gallery-item'>\n\t\t\t<div class='gallery-icon landscape'>\n\t\t\t\t<a href='https:\/\/archive.sana.sy\/tr\/wp-content\/uploads\/2025\/08\/33333-2-scaled-1.jpg'><img loading=\"lazy\" decoding=\"async\" width=\"2560\" height=\"1620\" src=\"https:\/\/archive.sana.sy\/tr\/wp-content\/uploads\/2025\/08\/33333-2-scaled-1.jpg\" class=\"attachment-full size-full\" alt=\"\" srcset=\"https:\/\/archive.sana.sy\/tr\/wp-content\/uploads\/2025\/08\/33333-2-scaled-1.jpg 2560w, https:\/\/archive.sana.sy\/tr\/wp-content\/uploads\/2025\/08\/33333-2-scaled-1-300x190.jpg 300w, https:\/\/archive.sana.sy\/tr\/wp-content\/uploads\/2025\/08\/33333-2-scaled-1-1024x648.jpg 1024w, https:\/\/archive.sana.sy\/tr\/wp-content\/uploads\/2025\/08\/33333-2-scaled-1-768x486.jpg 768w, https:\/\/archive.sana.sy\/tr\/wp-content\/uploads\/2025\/08\/33333-2-scaled-1-1536x972.jpg 1536w, https:\/\/archive.sana.sy\/tr\/wp-content\/uploads\/2025\/08\/33333-2-scaled-1-2048x1296.jpg 2048w\" sizes=\"auto, (max-width: 2560px) 100vw, 2560px\" \/><\/a>\n\t\t\t<\/div><\/figure><figure class='gallery-item'>\n\t\t\t<div class='gallery-icon landscape'>\n\t\t\t\t<a href='https:\/\/archive.sana.sy\/tr\/wp-content\/uploads\/2025\/08\/65656565-scaled-1.jpg'><img loading=\"lazy\" decoding=\"async\" width=\"2560\" height=\"1812\" src=\"https:\/\/archive.sana.sy\/tr\/wp-content\/uploads\/2025\/08\/65656565-scaled-1.jpg\" class=\"attachment-full size-full\" alt=\"\" srcset=\"https:\/\/archive.sana.sy\/tr\/wp-content\/uploads\/2025\/08\/65656565-scaled-1.jpg 2560w, https:\/\/archive.sana.sy\/tr\/wp-content\/uploads\/2025\/08\/65656565-scaled-1-300x212.jpg 300w, https:\/\/archive.sana.sy\/tr\/wp-content\/uploads\/2025\/08\/65656565-scaled-1-1024x725.jpg 1024w, https:\/\/archive.sana.sy\/tr\/wp-content\/uploads\/2025\/08\/65656565-scaled-1-768x544.jpg 768w, https:\/\/archive.sana.sy\/tr\/wp-content\/uploads\/2025\/08\/65656565-scaled-1-1536x1087.jpg 1536w, https:\/\/archive.sana.sy\/tr\/wp-content\/uploads\/2025\/08\/65656565-scaled-1-2048x1450.jpg 2048w\" sizes=\"auto, (max-width: 2560px) 100vw, 2560px\" \/><\/a>\n\t\t\t<\/div><\/figure>\n\t\t<\/div>\n\n","protected":false},"excerpt":{"rendered":"<p>\u015eAM (SANA) &#8211; \u015eam\u2019daki Yeni Fuarlar Kentinde d\u00fczenlenen \u201cMotorex Expo 2025\u201d Uluslararas\u0131 Otomobil Fuar\u0131, g\u00fcnl\u00fck 200\u2019\u00fc a\u015fk\u0131n ticari anla\u015fmaya ve be\u015f g\u00fcn boyunca 30 ila 40 bin aras\u0131nda de\u011fi\u015fen ziyaret\u00e7i say\u0131s\u0131na sahne olarak yo\u011fun ilgi g\u00f6rd\u00fc ve \u00f6nemli bir ba\u015far\u0131ya imza att\u0131. Fuar\u0131n organizat\u00f6r\u00fc Dr. Muhammed Urfal\u0131, etkinli\u011fe Suriye\u2019den ve yurt d\u0131\u015f\u0131ndan bir\u00e7ok firman\u0131n kat\u0131ld\u0131\u011f\u0131n\u0131 &hellip;<\/p>\n","protected":false},"author":39,"featured_media":327412,"comment_status":"closed","ping_status":"closed","sticky":false,"template":"","format":"standard","meta":{"footnotes":""},"categories":[589,479,17988,478],"tags":[],"class_list":["post-327411","post","type-post","status-publish","format-standard","has-post-thumbnail","","category-haber-seridi","category-haberler-yerel","category-son-haberler","category-yerel"],"_links":{"self":[{"href":"https:\/\/archive.sana.sy\/tr\/index.php?rest_route=\/wp\/v2\/posts\/327411","targetHints":{"allow":["GET"]}}],"collection":[{"href":"https:\/\/archive.sana.sy\/tr\/index.php?rest_route=\/wp\/v2\/posts"}],"about":[{"href":"https:\/\/archive.sana.sy\/tr\/index.php?rest_route=\/wp\/v2\/types\/post"}],"author":[{"embeddable":true,"href":"https:\/\/archive.sana.sy\/tr\/index.php?rest_route=\/wp\/v2\/users\/39"}],"replies":[{"embeddable":true,"href":"https:\/\/archive.sana.sy\/tr\/index.php?rest_route=%2Fwp%2Fv2%2Fcomments&post=327411"}],"version-history":[{"count":1,"href":"https:\/\/archive.sana.sy\/tr\/index.php?rest_route=\/wp\/v2\/posts\/327411\/revisions"}],"predecessor-version":[{"id":327418,"href":"https:\/\/archive.sana.sy\/tr\/index.php?rest_route=\/wp\/v2\/posts\/327411\/revisions\/327418"}],"wp:featuredmedia":[{"embeddable":true,"href":"https:\/\/archive.sana.sy\/tr\/index.php?rest_route=\/wp\/v2\/media\/327412"}],"wp:attachment":[{"href":"https:\/\/archive.sana.sy\/tr\/index.php?rest_route=%2Fwp%2Fv2%2Fmedia&parent=327411"}],"wp:term":[{"taxonomy":"category","embeddable":true,"href":"https:\/\/archive.sana.sy\/tr\/index.php?rest_route=%2Fwp%2Fv2%2Fcategories&post=327411"},{"taxonomy":"post_tag","embeddable":true,"href":"https:\/\/archive.sana.sy\/tr\/index.php?rest_route=%2Fwp%2Fv2%2Ftags&post=327411"}],"curies":[{"name":"wp","href":"https:\/\/api.w.org\/{rel}","templated":true}]}}