{"id":327433,"date":"2025-08-10T10:45:11","date_gmt":"2025-08-10T07:45:11","guid":{"rendered":"https:\/\/sana.sy\/tr\/?p=327433"},"modified":"2025-08-10T15:24:52","modified_gmt":"2025-08-10T12:24:52","slug":"darwin-nunez-liverpooldan-ayrilarak-resmen-suudi-arabistanin-el-hilal-kulubune-katildi","status":"publish","type":"post","link":"https:\/\/archive.sana.sy\/tr\/?p=327433","title":{"rendered":"Darwin Nunez, Liverpool\u2019dan Ayr\u0131larak Resmen Suudi Arabistan\u2019\u0131n El Hilal Kul\u00fcb\u00fcne Kat\u0131ld\u0131"},"content":{"rendered":"<p style=\"text-align: justify;\"><strong><span style=\"color: #ff0000;\">LONDRA (SANA)<\/span> &#8211;<\/strong>\u00a0 \u0130ngiltere Premier Lig tak\u0131mlar\u0131ndan Liverpool, Uruguayl\u0131 futbolcusu Darwin Nunez\u2019in resmen Suudi Arabistan\u2019\u0131n El Hilal tak\u0131m\u0131na transfer oldu\u011funu duyurdu.<\/p>\n<p style=\"text-align: justify;\">Nunez, 2022 y\u0131l\u0131nda Benfica\u2019dan Liverpool\u2019a transfer olmu\u015f ve kul\u00fcp formas\u0131yla \u00e7\u0131kt\u0131\u011f\u0131 143 ma\u00e7ta 40 gol kaydetmi\u015ftir.<\/p>\n","protected":false},"excerpt":{"rendered":"<p>LONDRA (SANA) &#8211;\u00a0 \u0130ngiltere Premier Lig tak\u0131mlar\u0131ndan Liverpool, Uruguayl\u0131 futbolcusu Darwin Nunez\u2019in resmen Suudi Arabistan\u2019\u0131n El Hilal tak\u0131m\u0131na transfer oldu\u011funu duyurdu. Nunez, 2022 y\u0131l\u0131nda Benfica\u2019dan Liverpool\u2019a transfer olmu\u015f ve kul\u00fcp formas\u0131yla \u00e7\u0131kt\u0131\u011f\u0131 143 ma\u00e7ta 40 gol kaydetmi\u015ftir.<\/p>\n","protected":false},"author":39,"featured_media":327434,"comment_status":"closed","ping_status":"closed","sticky":false,"template":"","format":"standard","meta":{"footnotes":""},"categories":[458,498,589,459,17988,496],"tags":[],"class_list":["post-327433","post","type-post","status-publish","format-standard","has-post-thumbnail","","category-dunya1","category-dunya-turnuvalari","category-haber-seridi","category-haberler-arap-uluslararasi-politika","category-son-haberler","category-spor"],"_links":{"self":[{"href":"https:\/\/archive.sana.sy\/tr\/index.php?rest_route=\/wp\/v2\/posts\/327433","targetHints":{"allow":["GET"]}}],"collection":[{"href":"https:\/\/archive.sana.sy\/tr\/index.php?rest_route=\/wp\/v2\/posts"}],"about":[{"href":"https:\/\/archive.sana.sy\/tr\/index.php?rest_route=\/wp\/v2\/types\/post"}],"author":[{"embeddable":true,"href":"https:\/\/archive.sana.sy\/tr\/index.php?rest_route=\/wp\/v2\/users\/39"}],"replies":[{"embeddable":true,"href":"https:\/\/archive.sana.sy\/tr\/index.php?rest_route=%2Fwp%2Fv2%2Fcomments&post=327433"}],"version-history":[{"count":3,"href":"https:\/\/archive.sana.sy\/tr\/index.php?rest_route=\/wp\/v2\/posts\/327433\/revisions"}],"predecessor-version":[{"id":327456,"href":"https:\/\/archive.sana.sy\/tr\/index.php?rest_route=\/wp\/v2\/posts\/327433\/revisions\/327456"}],"wp:featuredmedia":[{"embeddable":true,"href":"https:\/\/archive.sana.sy\/tr\/index.php?rest_route=\/wp\/v2\/media\/327434"}],"wp:attachment":[{"href":"https:\/\/archive.sana.sy\/tr\/index.php?rest_route=%2Fwp%2Fv2%2Fmedia&parent=327433"}],"wp:term":[{"taxonomy":"category","embeddable":true,"href":"https:\/\/archive.sana.sy\/tr\/index.php?rest_route=%2Fwp%2Fv2%2Fcategories&post=327433"},{"taxonomy":"post_tag","embeddable":true,"href":"https:\/\/archive.sana.sy\/tr\/index.php?rest_route=%2Fwp%2Fv2%2Ftags&post=327433"}],"curies":[{"name":"wp","href":"https:\/\/api.w.org\/{rel}","templated":true}]}}