{"id":327465,"date":"2025-08-10T20:11:33","date_gmt":"2025-08-10T17:11:33","guid":{"rendered":"https:\/\/sana.sy\/tr\/?p=327465"},"modified":"2025-08-12T15:35:19","modified_gmt":"2025-08-12T12:35:19","slug":"suriye-disisleri-bakani-samda-cin-buyukelcisi-ile-bolgesel-ve-uluslararasi-gelismeleri-gorustu","status":"publish","type":"post","link":"https:\/\/archive.sana.sy\/tr\/?p=327465","title":{"rendered":"Suriye D\u0131\u015fi\u015fleri Bakan\u0131, \u015eam&#8217;da \u00c7in B\u00fcy\u00fckel\u00e7isi \u0130le B\u00f6lgesel Ve Uluslararas\u0131 Geli\u015fmeleri G\u00f6r\u00fc\u015ft\u00fc"},"content":{"rendered":"<p style=\"text-align: justify;\"><strong><span style=\"color: #ff0000;\">\u015eAM (SANA) &#8211;<\/span><\/strong> D\u0131\u015fi\u015fleri ve Gurbet\u00e7iler Bakan\u0131 Say\u0131n Asaad Hasan El \u015eeybani, bug\u00fcn \u00c7in Halk Cumhuriyeti&#8217;nin Suriye Arap Cumhuriyeti B\u00fcy\u00fckel\u00e7isi Say\u0131n Shi Hongwei ile bir araya geldi.<\/p>\n<p style=\"text-align: justify;\">G\u00f6r\u00fc\u015fmede, ortak ilgi alan\u0131ndaki b\u00f6lgesel ve uluslararas\u0131 geli\u015fmeler ele al\u0131n\u0131rken, iki \u00fclke aras\u0131ndaki ikili ili\u015fkiler ve bu ili\u015fkilerin \u00e7e\u015fitli alanlarda g\u00fc\u00e7lendirilme yollar\u0131 da de\u011ferlendirildi.<\/p>\n<p style=\"text-align: justify;\">\u00c7in B\u00fcy\u00fckel\u00e7isi, \u00fclkesinin Suriye Arap Cumhuriyeti&#8217;nin egemenli\u011fini ve toprak b\u00fct\u00fcnl\u00fc\u011f\u00fcn\u00fc desteklemeye olan ba\u011fl\u0131l\u0131\u011f\u0131n\u0131 vurgulad\u0131, \u00fclkenin i\u00e7 i\u015flerine herhangi bir m\u00fcdahaleyi reddetti\u011fini ifade etti. Ayr\u0131ca iki taraf aras\u0131nda halklar\u0131n \u00e7\u0131kar\u0131na olan koordinasyon ve isti\u015farenin devam\u0131n\u0131n \u00f6nemine dikkat \u00e7ekti.<\/p>\n<p style=\"text-align: justify;\">Bu g\u00f6r\u00fc\u015fme, her iki taraf\u0131n da 29 Temmuz&#8217;da \u015eam&#8217;da ger\u00e7ekle\u015ftirdi\u011fi toplant\u0131n\u0131n ard\u0131ndan ger\u00e7ekle\u015fti. Toplant\u0131da \u00c7in B\u00fcy\u00fckel\u00e7isi, \u00fclkesinin Suriye&#8217;nin egemenli\u011fini ve toprak b\u00fct\u00fcnl\u00fc\u011f\u00fcn\u00fc destekleme kararl\u0131l\u0131\u011f\u0131n\u0131 teyit etmi\u015f ve \u0130srail&#8217;in Suriye topraklar\u0131na y\u00f6nelik sald\u0131r\u0131lar\u0131n\u0131 k\u0131nam\u0131\u015ft\u0131.<\/p>\n","protected":false},"excerpt":{"rendered":"<p>\u015eAM (SANA) &#8211; D\u0131\u015fi\u015fleri ve Gurbet\u00e7iler Bakan\u0131 Say\u0131n Asaad Hasan El \u015eeybani, bug\u00fcn \u00c7in Halk Cumhuriyeti&#8217;nin Suriye Arap Cumhuriyeti B\u00fcy\u00fckel\u00e7isi Say\u0131n Shi Hongwei ile bir araya geldi. G\u00f6r\u00fc\u015fmede, ortak ilgi alan\u0131ndaki b\u00f6lgesel ve uluslararas\u0131 geli\u015fmeler ele al\u0131n\u0131rken, iki \u00fclke aras\u0131ndaki ikili ili\u015fkiler ve bu ili\u015fkilerin \u00e7e\u015fitli alanlarda g\u00fc\u00e7lendirilme yollar\u0131 da de\u011ferlendirildi. \u00c7in B\u00fcy\u00fckel\u00e7isi, \u00fclkesinin Suriye &hellip;<\/p>\n","protected":false},"author":41,"featured_media":327466,"comment_status":"closed","ping_status":"closed","sticky":false,"template":"","format":"standard","meta":{"footnotes":""},"categories":[589,17988],"tags":[],"class_list":["post-327465","post","type-post","status-publish","format-standard","has-post-thumbnail","","category-haber-seridi","category-son-haberler"],"_links":{"self":[{"href":"https:\/\/archive.sana.sy\/tr\/index.php?rest_route=\/wp\/v2\/posts\/327465","targetHints":{"allow":["GET"]}}],"collection":[{"href":"https:\/\/archive.sana.sy\/tr\/index.php?rest_route=\/wp\/v2\/posts"}],"about":[{"href":"https:\/\/archive.sana.sy\/tr\/index.php?rest_route=\/wp\/v2\/types\/post"}],"author":[{"embeddable":true,"href":"https:\/\/archive.sana.sy\/tr\/index.php?rest_route=\/wp\/v2\/users\/41"}],"replies":[{"embeddable":true,"href":"https:\/\/archive.sana.sy\/tr\/index.php?rest_route=%2Fwp%2Fv2%2Fcomments&post=327465"}],"version-history":[{"count":1,"href":"https:\/\/archive.sana.sy\/tr\/index.php?rest_route=\/wp\/v2\/posts\/327465\/revisions"}],"predecessor-version":[{"id":327467,"href":"https:\/\/archive.sana.sy\/tr\/index.php?rest_route=\/wp\/v2\/posts\/327465\/revisions\/327467"}],"wp:featuredmedia":[{"embeddable":true,"href":"https:\/\/archive.sana.sy\/tr\/index.php?rest_route=\/wp\/v2\/media\/327466"}],"wp:attachment":[{"href":"https:\/\/archive.sana.sy\/tr\/index.php?rest_route=%2Fwp%2Fv2%2Fmedia&parent=327465"}],"wp:term":[{"taxonomy":"category","embeddable":true,"href":"https:\/\/archive.sana.sy\/tr\/index.php?rest_route=%2Fwp%2Fv2%2Fcategories&post=327465"},{"taxonomy":"post_tag","embeddable":true,"href":"https:\/\/archive.sana.sy\/tr\/index.php?rest_route=%2Fwp%2Fv2%2Ftags&post=327465"}],"curies":[{"name":"wp","href":"https:\/\/api.w.org\/{rel}","templated":true}]}}