{"id":327481,"date":"2025-08-11T09:49:57","date_gmt":"2025-08-11T06:49:57","guid":{"rendered":"https:\/\/sana.sy\/tr\/?p=327481"},"modified":"2025-08-11T09:49:57","modified_gmt":"2025-08-11T06:49:57","slug":"suriye-icisleri-bakanligi-suveyda-ulusal-hastanesinde-cekildigi-belirtilen-videoyla-ilgili-sorusturma-baslatti","status":"publish","type":"post","link":"https:\/\/archive.sana.sy\/tr\/?p=327481","title":{"rendered":"Suriye \u0130\u00e7i\u015fleri Bakanl\u0131\u011f\u0131, S\u00fcveyda Ulusal Hastanesi\u2019nde \u00c7ekildi\u011fi Belirtilen Videoyla \u0130lgili Soru\u015fturma Ba\u015flatt\u0131"},"content":{"rendered":"<p style=\"text-align: justify;\"><strong>\u015eAM (SANA) &#8211; <\/strong>\u0130\u00e7i\u015fleri Bakanl\u0131\u011f\u0131, daha \u00f6nce S\u00fcveyda Ulusal Hastanesi\u2019nde \u00e7ekildi\u011fi belirtilen ve sosyal medyada yay\u0131lan \u00fcz\u00fcc\u00fc videoyu yak\u0131ndan takip etti\u011fini a\u00e7\u0131klad\u0131.<\/p>\n<p style=\"text-align: justify;\">Bakanl\u0131k yapt\u0131\u011f\u0131 a\u00e7\u0131klamada, \u201cBu olay\u0131 en sert ifadelerle k\u0131n\u0131yor. Faillerin aidiyetlerine bak\u0131lmaks\u0131z\u0131n adalet \u00f6n\u00fcnde hesap verecekleri ve hak ettikleri cezay\u0131 alacaklar\u0131 konusunda kararl\u0131y\u0131z\u201d dedi.<\/p>\n<p style=\"text-align: justify;\">A\u00e7\u0131klamada, \u0130\u00e7i\u015fleri Bakan\u0131 Enas Hattab\u2019\u0131n, soru\u015fturman\u0131n etkin ve h\u0131zl\u0131 bir \u015fekilde y\u00fcr\u00fct\u00fclmesi, su\u00e7lular\u0131n tespit edilerek en k\u0131sa s\u00fcrede yakalanmas\u0131 i\u00e7in G\u00fcvenlik \u0130\u015flerinden Sorumlu M\u00fcste\u015far T\u00fcmgeneral Abd\u00fclkadir Tahan\u2019\u0131 do\u011frudan denetleme g\u00f6revine atad\u0131\u011f\u0131 belirtildi.<\/p>\n","protected":false},"excerpt":{"rendered":"<p>\u015eAM (SANA) &#8211; \u0130\u00e7i\u015fleri Bakanl\u0131\u011f\u0131, daha \u00f6nce S\u00fcveyda Ulusal Hastanesi\u2019nde \u00e7ekildi\u011fi belirtilen ve sosyal medyada yay\u0131lan \u00fcz\u00fcc\u00fc videoyu yak\u0131ndan takip etti\u011fini a\u00e7\u0131klad\u0131. Bakanl\u0131k yapt\u0131\u011f\u0131 a\u00e7\u0131klamada, \u201cBu olay\u0131 en sert ifadelerle k\u0131n\u0131yor. Faillerin aidiyetlerine bak\u0131lmaks\u0131z\u0131n adalet \u00f6n\u00fcnde hesap verecekleri ve hak ettikleri cezay\u0131 alacaklar\u0131 konusunda kararl\u0131y\u0131z\u201d dedi. A\u00e7\u0131klamada, \u0130\u00e7i\u015fleri Bakan\u0131 Enas Hattab\u2019\u0131n, soru\u015fturman\u0131n etkin ve h\u0131zl\u0131 &hellip;<\/p>\n","protected":false},"author":39,"featured_media":327482,"comment_status":"closed","ping_status":"closed","sticky":false,"template":"","format":"standard","meta":{"footnotes":""},"categories":[589,479,17988,478],"tags":[],"class_list":["post-327481","post","type-post","status-publish","format-standard","has-post-thumbnail","","category-haber-seridi","category-haberler-yerel","category-son-haberler","category-yerel"],"_links":{"self":[{"href":"https:\/\/archive.sana.sy\/tr\/index.php?rest_route=\/wp\/v2\/posts\/327481","targetHints":{"allow":["GET"]}}],"collection":[{"href":"https:\/\/archive.sana.sy\/tr\/index.php?rest_route=\/wp\/v2\/posts"}],"about":[{"href":"https:\/\/archive.sana.sy\/tr\/index.php?rest_route=\/wp\/v2\/types\/post"}],"author":[{"embeddable":true,"href":"https:\/\/archive.sana.sy\/tr\/index.php?rest_route=\/wp\/v2\/users\/39"}],"replies":[{"embeddable":true,"href":"https:\/\/archive.sana.sy\/tr\/index.php?rest_route=%2Fwp%2Fv2%2Fcomments&post=327481"}],"version-history":[{"count":1,"href":"https:\/\/archive.sana.sy\/tr\/index.php?rest_route=\/wp\/v2\/posts\/327481\/revisions"}],"predecessor-version":[{"id":327483,"href":"https:\/\/archive.sana.sy\/tr\/index.php?rest_route=\/wp\/v2\/posts\/327481\/revisions\/327483"}],"wp:featuredmedia":[{"embeddable":true,"href":"https:\/\/archive.sana.sy\/tr\/index.php?rest_route=\/wp\/v2\/media\/327482"}],"wp:attachment":[{"href":"https:\/\/archive.sana.sy\/tr\/index.php?rest_route=%2Fwp%2Fv2%2Fmedia&parent=327481"}],"wp:term":[{"taxonomy":"category","embeddable":true,"href":"https:\/\/archive.sana.sy\/tr\/index.php?rest_route=%2Fwp%2Fv2%2Fcategories&post=327481"},{"taxonomy":"post_tag","embeddable":true,"href":"https:\/\/archive.sana.sy\/tr\/index.php?rest_route=%2Fwp%2Fv2%2Ftags&post=327481"}],"curies":[{"name":"wp","href":"https:\/\/api.w.org\/{rel}","templated":true}]}}