{"id":327490,"date":"2025-08-11T10:25:56","date_gmt":"2025-08-11T07:25:56","guid":{"rendered":"https:\/\/sana.sy\/tr\/?p=327490"},"modified":"2025-08-11T19:10:25","modified_gmt":"2025-08-11T16:10:25","slug":"turkiyenin-balikesir-ilinde-deprem-1-kisi-hayatini-kaybetti-cok-sayida-yarali","status":"publish","type":"post","link":"https:\/\/archive.sana.sy\/tr\/?p=327490","title":{"rendered":"T\u00fcrkiye\u2019nin Bal\u0131kesir \u0130linde Deprem: 1 Ki\u015fi Hayat\u0131n\u0131 Kaybetti, \u00c7ok Say\u0131da Yaral\u0131"},"content":{"rendered":"<p style=\"text-align: justify;\"><strong><span style=\"color: #ff0000;\">ANKARA (SANA)<\/span> &#8211; <\/strong>T\u00fcrkiye \u0130\u00e7i\u015fleri Bakan\u0131 Ali Yerlikaya, Bat\u0131 T\u00fcrkiye\u2019nin Bal\u0131kesir ilinde meydana gelen depremde 1 ki\u015finin hayat\u0131n\u0131 kaybetti\u011fini, \u00e7ok say\u0131da ki\u015finin ise yaraland\u0131\u011f\u0131n\u0131 a\u00e7\u0131klad\u0131.<\/p>\n<p style=\"text-align: justify;\">Anadolu Ajans\u0131\u2019n\u0131n aktard\u0131\u011f\u0131na g\u00f6re, hayat\u0131n\u0131 kaybeden T\u00fcrk vatanda\u015f\u0131n\u0131n 81 ya\u015f\u0131nda oldu\u011fu, 29 ki\u015finin ise \u00e7e\u015fitli derecelerde yaraland\u0131\u011f\u0131 bildirildi.<\/p>\n<p style=\"text-align: justify;\">D\u00fcn ak\u015fam Bal\u0131kesir\u2019in S\u0131nd\u0131rg\u0131 il\u00e7esinde yerin 11 kilometre derinli\u011finde 6,1 b\u00fcy\u00fckl\u00fc\u011f\u00fcnde bir deprem meydana gelmi\u015fti.<\/p>\n<p style=\"text-align: justify;\">T\u00fcrkiye Afet ve Acil Durum Y\u00f6netimi Ba\u015fkanl\u0131\u011f\u0131 (AFAD) verilerine g\u00f6re, depremi takiben 4,6, 4,1 ve 4,0 b\u00fcy\u00fckl\u00fc\u011f\u00fcnde \u00fc\u00e7 art\u00e7\u0131 sars\u0131nt\u0131 ger\u00e7ekle\u015fmi\u015fti.<\/p>\n<p style=\"text-align: justify;\">\n","protected":false},"excerpt":{"rendered":"<p>ANKARA (SANA) &#8211; T\u00fcrkiye \u0130\u00e7i\u015fleri Bakan\u0131 Ali Yerlikaya, Bat\u0131 T\u00fcrkiye\u2019nin Bal\u0131kesir ilinde meydana gelen depremde 1 ki\u015finin hayat\u0131n\u0131 kaybetti\u011fini, \u00e7ok say\u0131da ki\u015finin ise yaraland\u0131\u011f\u0131n\u0131 a\u00e7\u0131klad\u0131. Anadolu Ajans\u0131\u2019n\u0131n aktard\u0131\u011f\u0131na g\u00f6re, hayat\u0131n\u0131 kaybeden T\u00fcrk vatanda\u015f\u0131n\u0131n 81 ya\u015f\u0131nda oldu\u011fu, 29 ki\u015finin ise \u00e7e\u015fitli derecelerde yaraland\u0131\u011f\u0131 bildirildi. D\u00fcn ak\u015fam Bal\u0131kesir\u2019in S\u0131nd\u0131rg\u0131 il\u00e7esinde yerin 11 kilometre derinli\u011finde 6,1 b\u00fcy\u00fckl\u00fc\u011f\u00fcnde bir &hellip;<\/p>\n","protected":false},"author":39,"featured_media":327491,"comment_status":"closed","ping_status":"closed","sticky":false,"template":"","format":"standard","meta":{"footnotes":""},"categories":[458,589,459,17988],"tags":[],"class_list":["post-327490","post","type-post","status-publish","format-standard","has-post-thumbnail","","category-dunya1","category-haber-seridi","category-haberler-arap-uluslararasi-politika","category-son-haberler"],"_links":{"self":[{"href":"https:\/\/archive.sana.sy\/tr\/index.php?rest_route=\/wp\/v2\/posts\/327490","targetHints":{"allow":["GET"]}}],"collection":[{"href":"https:\/\/archive.sana.sy\/tr\/index.php?rest_route=\/wp\/v2\/posts"}],"about":[{"href":"https:\/\/archive.sana.sy\/tr\/index.php?rest_route=\/wp\/v2\/types\/post"}],"author":[{"embeddable":true,"href":"https:\/\/archive.sana.sy\/tr\/index.php?rest_route=\/wp\/v2\/users\/39"}],"replies":[{"embeddable":true,"href":"https:\/\/archive.sana.sy\/tr\/index.php?rest_route=%2Fwp%2Fv2%2Fcomments&post=327490"}],"version-history":[{"count":2,"href":"https:\/\/archive.sana.sy\/tr\/index.php?rest_route=\/wp\/v2\/posts\/327490\/revisions"}],"predecessor-version":[{"id":327519,"href":"https:\/\/archive.sana.sy\/tr\/index.php?rest_route=\/wp\/v2\/posts\/327490\/revisions\/327519"}],"wp:featuredmedia":[{"embeddable":true,"href":"https:\/\/archive.sana.sy\/tr\/index.php?rest_route=\/wp\/v2\/media\/327491"}],"wp:attachment":[{"href":"https:\/\/archive.sana.sy\/tr\/index.php?rest_route=%2Fwp%2Fv2%2Fmedia&parent=327490"}],"wp:term":[{"taxonomy":"category","embeddable":true,"href":"https:\/\/archive.sana.sy\/tr\/index.php?rest_route=%2Fwp%2Fv2%2Fcategories&post=327490"},{"taxonomy":"post_tag","embeddable":true,"href":"https:\/\/archive.sana.sy\/tr\/index.php?rest_route=%2Fwp%2Fv2%2Ftags&post=327490"}],"curies":[{"name":"wp","href":"https:\/\/api.w.org\/{rel}","templated":true}]}}