{"id":327494,"date":"2025-08-11T10:42:15","date_gmt":"2025-08-11T07:42:15","guid":{"rendered":"https:\/\/sana.sy\/tr\/?p=327494"},"modified":"2025-08-11T19:03:11","modified_gmt":"2025-08-11T16:03:11","slug":"birlesmis-milletler-guvenlik-konseyi-suveydada-ateskesin-saglanmasi-ve-suriyenin-egemenligi-ile-birligine-saygi-gosterilmesi-cagrisinda-bulundu","status":"publish","type":"post","link":"https:\/\/archive.sana.sy\/tr\/?p=327494","title":{"rendered":"BMGK, S\u00fcveyda\u2019da Ate\u015fkesin Sa\u011flanmas\u0131 Ve Suriye\u2019nin Egemenli\u011fi \u0130le Birli\u011fine Sayg\u0131 G\u00f6sterilmesi \u00c7a\u011fr\u0131s\u0131nda Bulundu"},"content":{"rendered":"<p style=\"text-align: justify;\"><strong><span style=\"color: #ff0000;\">NEW YORK (SANA)<\/span> &#8211; <\/strong>Birle\u015fmi\u015f Milletler G\u00fcvenlik Konseyi, t\u00fcm taraflar\u0131 S\u00fcveyda ilinde ate\u015fkese uymaya, sivil halk\u0131n korunmas\u0131n\u0131 sa\u011flamaya ve Suriye\u2019nin egemenli\u011fi, birli\u011fi ile toprak b\u00fct\u00fcnl\u00fc\u011f\u00fcne sayg\u0131 g\u00f6stermeye \u00e7a\u011f\u0131rd\u0131.<\/p>\n<p style=\"text-align: justify;\">Konsey, Birle\u015fmi\u015f Milletler Haber Sitesi\u2019nde yay\u0131mlanan ba\u015fkanl\u0131k a\u00e7\u0131klamas\u0131nda, Suriye h\u00fck\u00fcmetinin \u015fiddeti k\u0131nayan ve sorumlular\u0131n hesap vermesi amac\u0131yla soru\u015fturma ba\u015flataca\u011f\u0131n\u0131 duyuran beyan\u0131n\u0131 memnuniyetle kar\u015f\u0131layarak, h\u00fck\u00fcmetten uluslararas\u0131 standartlara uygun, g\u00fcvenilir, h\u0131zl\u0131, \u015feffaf, adil ve kapsaml\u0131 soru\u015fturmalar\u0131n y\u00fcr\u00fct\u00fclmesini sa\u011flamas\u0131n\u0131 talep etti.<\/p>\n<p style=\"text-align: justify;\">G\u00fcvenlik Konseyi, Suriye Arap Cumhuriyeti\u2019nin egemenli\u011fi, ba\u011f\u0131ms\u0131zl\u0131\u011f\u0131, birli\u011fi ve toprak b\u00fct\u00fcnl\u00fc\u011f\u00fcne olan g\u00fc\u00e7l\u00fc ba\u011fl\u0131l\u0131\u011f\u0131n\u0131 yeniledi ve t\u00fcm devletleri bu ilkelere sayg\u0131 g\u00f6stermeye davet etti.<\/p>\n<p style=\"text-align: justify;\">Konsey ayr\u0131ca , Suriye\u2019deki siyasi, g\u00fcvenlik ve ekonomik ge\u00e7i\u015f s\u00fcrecine y\u00f6nelik olumsuz veya y\u0131k\u0131c\u0131 her t\u00fcrl\u00fc m\u00fcdahaleyi k\u0131nayarak, bu m\u00fcdahalelerin \u00fclkede istikrar\u0131n yeniden sa\u011flanmas\u0131 \u00e7abalar\u0131n\u0131 baltalad\u0131\u011f\u0131n\u0131 vurgulad\u0131 ve t\u00fcm devletleri, \u00fclkenin istikrar\u0131n\u0131 daha da sarsabilecek her t\u00fcrl\u00fc eylem veya m\u00fcdahaleden ka\u00e7\u0131nmaya \u00e7a\u011f\u0131rd\u0131.<\/p>\n<p style=\"text-align: justify;\">G\u00fcvenlik Konseyi, \u201cSuriye halk\u0131n\u0131n \u00f6nc\u00fcl\u00fc\u011f\u00fcnde ve kontrol\u00fcnde kapsay\u0131c\u0131 bir siyasi s\u00fcrecin\u201d y\u00fcr\u00fct\u00fclmesi \u00e7a\u011fr\u0131s\u0131nda da\u00a0 bulundu.<\/p>\n","protected":false},"excerpt":{"rendered":"<p>NEW YORK (SANA) &#8211; Birle\u015fmi\u015f Milletler G\u00fcvenlik Konseyi, t\u00fcm taraflar\u0131 S\u00fcveyda ilinde ate\u015fkese uymaya, sivil halk\u0131n korunmas\u0131n\u0131 sa\u011flamaya ve Suriye\u2019nin egemenli\u011fi, birli\u011fi ile toprak b\u00fct\u00fcnl\u00fc\u011f\u00fcne sayg\u0131 g\u00f6stermeye \u00e7a\u011f\u0131rd\u0131. Konsey, Birle\u015fmi\u015f Milletler Haber Sitesi\u2019nde yay\u0131mlanan ba\u015fkanl\u0131k a\u00e7\u0131klamas\u0131nda, Suriye h\u00fck\u00fcmetinin \u015fiddeti k\u0131nayan ve sorumlular\u0131n hesap vermesi amac\u0131yla soru\u015fturma ba\u015flataca\u011f\u0131n\u0131 duyuran beyan\u0131n\u0131 memnuniyetle kar\u015f\u0131layarak, h\u00fck\u00fcmetten uluslararas\u0131 standartlara uygun, &hellip;<\/p>\n","protected":false},"author":39,"featured_media":327495,"comment_status":"closed","ping_status":"closed","sticky":false,"template":"","format":"standard","meta":{"footnotes":""},"categories":[458,589,459,17988],"tags":[],"class_list":["post-327494","post","type-post","status-publish","format-standard","has-post-thumbnail","","category-dunya1","category-haber-seridi","category-haberler-arap-uluslararasi-politika","category-son-haberler"],"_links":{"self":[{"href":"https:\/\/archive.sana.sy\/tr\/index.php?rest_route=\/wp\/v2\/posts\/327494","targetHints":{"allow":["GET"]}}],"collection":[{"href":"https:\/\/archive.sana.sy\/tr\/index.php?rest_route=\/wp\/v2\/posts"}],"about":[{"href":"https:\/\/archive.sana.sy\/tr\/index.php?rest_route=\/wp\/v2\/types\/post"}],"author":[{"embeddable":true,"href":"https:\/\/archive.sana.sy\/tr\/index.php?rest_route=\/wp\/v2\/users\/39"}],"replies":[{"embeddable":true,"href":"https:\/\/archive.sana.sy\/tr\/index.php?rest_route=%2Fwp%2Fv2%2Fcomments&post=327494"}],"version-history":[{"count":3,"href":"https:\/\/archive.sana.sy\/tr\/index.php?rest_route=\/wp\/v2\/posts\/327494\/revisions"}],"predecessor-version":[{"id":327518,"href":"https:\/\/archive.sana.sy\/tr\/index.php?rest_route=\/wp\/v2\/posts\/327494\/revisions\/327518"}],"wp:featuredmedia":[{"embeddable":true,"href":"https:\/\/archive.sana.sy\/tr\/index.php?rest_route=\/wp\/v2\/media\/327495"}],"wp:attachment":[{"href":"https:\/\/archive.sana.sy\/tr\/index.php?rest_route=%2Fwp%2Fv2%2Fmedia&parent=327494"}],"wp:term":[{"taxonomy":"category","embeddable":true,"href":"https:\/\/archive.sana.sy\/tr\/index.php?rest_route=%2Fwp%2Fv2%2Fcategories&post=327494"},{"taxonomy":"post_tag","embeddable":true,"href":"https:\/\/archive.sana.sy\/tr\/index.php?rest_route=%2Fwp%2Fv2%2Ftags&post=327494"}],"curies":[{"name":"wp","href":"https:\/\/api.w.org\/{rel}","templated":true}]}}