{"id":327515,"date":"2025-08-11T17:41:51","date_gmt":"2025-08-11T14:41:51","guid":{"rendered":"https:\/\/sana.sy\/tr\/?p=327515"},"modified":"2025-08-11T17:41:51","modified_gmt":"2025-08-11T14:41:51","slug":"abdli-vekil-suriyeye-uygulanan-ihracat-kisitlamalarinin-kaldirilmasini-talep-etti","status":"publish","type":"post","link":"https:\/\/archive.sana.sy\/tr\/?p=327515","title":{"rendered":"ABD&#8217;li Vekil, Suriye&#8217;ye Uygulanan \u0130hracat K\u0131s\u0131tlamalar\u0131n\u0131n Kald\u0131r\u0131lmas\u0131n\u0131 Talep Etti"},"content":{"rendered":"<p style=\"text-align: justify;\"><strong><span style=\"color: #ff0000;\">VA\u015e\u0130NGTON (SANA) &#8211;<\/span><\/strong> Cumhuriyet\u00e7i Parti&#8217;den ABD Temsilciler Meclisi \u00fcyesi Joe Wilson, Suriye&#8217;ye uygulanan Amerikan ihracat k\u0131s\u0131tlamalar\u0131n\u0131n kald\u0131r\u0131lmas\u0131 \u00e7a\u011fr\u0131s\u0131nda bulundu.<\/p>\n<p style=\"text-align: justify;\">Vekil Wilson, X platformundaki hesab\u0131ndan yapt\u0131\u011f\u0131 a\u00e7\u0131klamada, \u201cABD Ticaret Bakanl\u0131\u011f\u0131&#8217;n\u0131 ve ba\u011fl\u0131 Sanayi ve G\u00fcvenlik B\u00fcrosu&#8217;nu, Ba\u015fkan Donald Trump&#8217;\u0131n y\u00fcr\u00fctme emrini h\u0131zla uygulamaya koymaya ve Suriye&#8217;ye y\u00f6nelik ihracat k\u0131s\u0131tlamalar\u0131n\u0131 kald\u0131rmaya te\u015fvik ediyorum,\u201d ifadelerini kulland\u0131.<\/p>\n<p style=\"text-align: justify;\">Wilson, \u201cBa\u015fkan Trump&#8217;\u0131n vizyonu nettir ve daha fazla geciktirilmemelidir,\u201d dedi.<\/p>\n<p style=\"text-align: justify;\">ABD Kongresi, 2005 y\u0131l\u0131nda kabul etti\u011fi bir yasayla, g\u0131da ve ila\u00e7 hari\u00e7 olmak \u00fczere, Suriye&#8217;ye Amerikan mallar\u0131n\u0131n ihracat\u0131na k\u0131s\u0131tlamalar getirmi\u015fti. Bu y\u0131l\u0131n May\u0131s ay\u0131nda ise Ba\u015fkan Donald Trump, Suriye&#8217;ye y\u00f6nelik yapt\u0131r\u0131mlar\u0131n kald\u0131r\u0131ld\u0131\u011f\u0131n\u0131 duyurdu. Bu ad\u0131m\u0131n, uzun y\u0131llar s\u00fcren sava\u015f ve uluslararas\u0131 tecridin ard\u0131ndan \u00fclkeye \u201ckalk\u0131nma f\u0131rsat\u0131 sunmay\u0131\u201d ama\u00e7lad\u0131\u011f\u0131 belirtildi.<\/p>\n","protected":false},"excerpt":{"rendered":"<p>VA\u015e\u0130NGTON (SANA) &#8211; Cumhuriyet\u00e7i Parti&#8217;den ABD Temsilciler Meclisi \u00fcyesi Joe Wilson, Suriye&#8217;ye uygulanan Amerikan ihracat k\u0131s\u0131tlamalar\u0131n\u0131n kald\u0131r\u0131lmas\u0131 \u00e7a\u011fr\u0131s\u0131nda bulundu. Vekil Wilson, X platformundaki hesab\u0131ndan yapt\u0131\u011f\u0131 a\u00e7\u0131klamada, \u201cABD Ticaret Bakanl\u0131\u011f\u0131&#8217;n\u0131 ve ba\u011fl\u0131 Sanayi ve G\u00fcvenlik B\u00fcrosu&#8217;nu, Ba\u015fkan Donald Trump&#8217;\u0131n y\u00fcr\u00fctme emrini h\u0131zla uygulamaya koymaya ve Suriye&#8217;ye y\u00f6nelik ihracat k\u0131s\u0131tlamalar\u0131n\u0131 kald\u0131rmaya te\u015fvik ediyorum,\u201d ifadelerini kulland\u0131. Wilson, \u201cBa\u015fkan &hellip;<\/p>\n","protected":false},"author":41,"featured_media":327516,"comment_status":"closed","ping_status":"closed","sticky":false,"template":"","format":"standard","meta":{"footnotes":""},"categories":[485,589,486,17988],"tags":[],"class_list":["post-327515","post","type-post","status-publish","format-standard","has-post-thumbnail","","category-is-ve-sermaye","category-haber-seridi","category-haberler-is-ve-sermaye","category-son-haberler"],"_links":{"self":[{"href":"https:\/\/archive.sana.sy\/tr\/index.php?rest_route=\/wp\/v2\/posts\/327515","targetHints":{"allow":["GET"]}}],"collection":[{"href":"https:\/\/archive.sana.sy\/tr\/index.php?rest_route=\/wp\/v2\/posts"}],"about":[{"href":"https:\/\/archive.sana.sy\/tr\/index.php?rest_route=\/wp\/v2\/types\/post"}],"author":[{"embeddable":true,"href":"https:\/\/archive.sana.sy\/tr\/index.php?rest_route=\/wp\/v2\/users\/41"}],"replies":[{"embeddable":true,"href":"https:\/\/archive.sana.sy\/tr\/index.php?rest_route=%2Fwp%2Fv2%2Fcomments&post=327515"}],"version-history":[{"count":1,"href":"https:\/\/archive.sana.sy\/tr\/index.php?rest_route=\/wp\/v2\/posts\/327515\/revisions"}],"predecessor-version":[{"id":327517,"href":"https:\/\/archive.sana.sy\/tr\/index.php?rest_route=\/wp\/v2\/posts\/327515\/revisions\/327517"}],"wp:featuredmedia":[{"embeddable":true,"href":"https:\/\/archive.sana.sy\/tr\/index.php?rest_route=\/wp\/v2\/media\/327516"}],"wp:attachment":[{"href":"https:\/\/archive.sana.sy\/tr\/index.php?rest_route=%2Fwp%2Fv2%2Fmedia&parent=327515"}],"wp:term":[{"taxonomy":"category","embeddable":true,"href":"https:\/\/archive.sana.sy\/tr\/index.php?rest_route=%2Fwp%2Fv2%2Fcategories&post=327515"},{"taxonomy":"post_tag","embeddable":true,"href":"https:\/\/archive.sana.sy\/tr\/index.php?rest_route=%2Fwp%2Fv2%2Ftags&post=327515"}],"curies":[{"name":"wp","href":"https:\/\/api.w.org\/{rel}","templated":true}]}}