{"id":327524,"date":"2025-08-11T20:28:06","date_gmt":"2025-08-11T17:28:06","guid":{"rendered":"https:\/\/sana.sy\/tr\/?p=327524"},"modified":"2025-08-11T20:28:06","modified_gmt":"2025-08-11T17:28:06","slug":"suriye-acil-durumlar-bakani-yunanistan-maslahatguzari-ile-olasi-afetlerde-is-birligini-gorustu","status":"publish","type":"post","link":"https:\/\/archive.sana.sy\/tr\/?p=327524","title":{"rendered":"Suriye Acil Durumlar Bakan\u0131, Yunanistan Maslahatg\u00fczar\u0131 \u0130le Olas\u0131 Afetlerde \u0130\u015f Birli\u011fini G\u00f6r\u00fc\u015ft\u00fc"},"content":{"rendered":"<p style=\"text-align: justify;\"><span style=\"color: #ff0000;\"><strong>\u015eAM (SANA) &#8211;<\/strong> <\/span>Suriye Acil Durumlar ve Afet Y\u00f6netimi Bakan\u0131 Raid Salih, \u015eam\u2019daki Yunanistan B\u00fcy\u00fckel\u00e7ili\u011fi Maslahatg\u00fczar\u0131 Emmanuel Kakavellaksis ile bir araya gelerek, iki \u00fclke ve Akdeniz havzas\u0131 \u00fclkeleri aras\u0131nda acil durumlara ve afetlere m\u00fcdahale alan\u0131nda i\u015f birli\u011finin g\u00fc\u00e7lendirilmesini ele ald\u0131.<\/p>\n<p style=\"text-align: justify;\">Bakanl\u0131kta bug\u00fcn ger\u00e7ekle\u015ftirilen g\u00f6r\u00fc\u015fmede taraflar, afet ve acil durumlara y\u00f6nelik haz\u0131rl\u0131klar ile kar\u015f\u0131l\u0131kl\u0131 destek mekanizmalar\u0131n\u0131 de\u011ferlendirdi. G\u00f6r\u00fc\u015fmede, \u00fclkelerin olas\u0131 felaket durumlar\u0131nda kar\u015f\u0131l\u0131kl\u0131 m\u00fcdahalede bulunmas\u0131na olanak tan\u0131yacak ortak bir stratejik vizyon \u00e7er\u00e7evesinde i\u015f birli\u011finin geli\u015ftirilmesinin \u00f6nemine vurgu yap\u0131ld\u0131.<\/p>\n<p style=\"text-align: justify;\">Taraflar ayr\u0131ca, ili\u015fkilerin daha ileri seviyelere ta\u015f\u0131nmas\u0131n\u0131n b\u00f6lge halklar\u0131n\u0131n g\u00fcvenli\u011fi ve refah\u0131na katk\u0131 sa\u011flayaca\u011f\u0131na dikkat \u00e7ekerek, ikili ili\u015fkilerin yap\u0131land\u0131r\u0131lmas\u0131 ve geli\u015ftirilmesi gerekti\u011finin alt\u0131n\u0131 \u00e7izdi.<\/p>\n","protected":false},"excerpt":{"rendered":"<p>\u015eAM (SANA) &#8211; Suriye Acil Durumlar ve Afet Y\u00f6netimi Bakan\u0131 Raid Salih, \u015eam\u2019daki Yunanistan B\u00fcy\u00fckel\u00e7ili\u011fi Maslahatg\u00fczar\u0131 Emmanuel Kakavellaksis ile bir araya gelerek, iki \u00fclke ve Akdeniz havzas\u0131 \u00fclkeleri aras\u0131nda acil durumlara ve afetlere m\u00fcdahale alan\u0131nda i\u015f birli\u011finin g\u00fc\u00e7lendirilmesini ele ald\u0131. Bakanl\u0131kta bug\u00fcn ger\u00e7ekle\u015ftirilen g\u00f6r\u00fc\u015fmede taraflar, afet ve acil durumlara y\u00f6nelik haz\u0131rl\u0131klar ile kar\u015f\u0131l\u0131kl\u0131 destek mekanizmalar\u0131n\u0131 &hellip;<\/p>\n","protected":false},"author":41,"featured_media":327525,"comment_status":"closed","ping_status":"closed","sticky":false,"template":"","format":"standard","meta":{"footnotes":""},"categories":[589,479,17988,478],"tags":[],"class_list":["post-327524","post","type-post","status-publish","format-standard","has-post-thumbnail","","category-haber-seridi","category-haberler-yerel","category-son-haberler","category-yerel"],"_links":{"self":[{"href":"https:\/\/archive.sana.sy\/tr\/index.php?rest_route=\/wp\/v2\/posts\/327524","targetHints":{"allow":["GET"]}}],"collection":[{"href":"https:\/\/archive.sana.sy\/tr\/index.php?rest_route=\/wp\/v2\/posts"}],"about":[{"href":"https:\/\/archive.sana.sy\/tr\/index.php?rest_route=\/wp\/v2\/types\/post"}],"author":[{"embeddable":true,"href":"https:\/\/archive.sana.sy\/tr\/index.php?rest_route=\/wp\/v2\/users\/41"}],"replies":[{"embeddable":true,"href":"https:\/\/archive.sana.sy\/tr\/index.php?rest_route=%2Fwp%2Fv2%2Fcomments&post=327524"}],"version-history":[{"count":1,"href":"https:\/\/archive.sana.sy\/tr\/index.php?rest_route=\/wp\/v2\/posts\/327524\/revisions"}],"predecessor-version":[{"id":327526,"href":"https:\/\/archive.sana.sy\/tr\/index.php?rest_route=\/wp\/v2\/posts\/327524\/revisions\/327526"}],"wp:featuredmedia":[{"embeddable":true,"href":"https:\/\/archive.sana.sy\/tr\/index.php?rest_route=\/wp\/v2\/media\/327525"}],"wp:attachment":[{"href":"https:\/\/archive.sana.sy\/tr\/index.php?rest_route=%2Fwp%2Fv2%2Fmedia&parent=327524"}],"wp:term":[{"taxonomy":"category","embeddable":true,"href":"https:\/\/archive.sana.sy\/tr\/index.php?rest_route=%2Fwp%2Fv2%2Fcategories&post=327524"},{"taxonomy":"post_tag","embeddable":true,"href":"https:\/\/archive.sana.sy\/tr\/index.php?rest_route=%2Fwp%2Fv2%2Ftags&post=327524"}],"curies":[{"name":"wp","href":"https:\/\/api.w.org\/{rel}","templated":true}]}}