{"id":327528,"date":"2025-08-12T08:30:39","date_gmt":"2025-08-12T05:30:39","guid":{"rendered":"https:\/\/sana.sy\/tr\/?p=327528"},"modified":"2025-08-12T17:21:59","modified_gmt":"2025-08-12T14:21:59","slug":"suriye-disisleri-bakanligi-afrika-asya-ve-okyanusya-isleri-direktoru-japonya-disisleri-bakan-yardimcisiyla-gorustu","status":"publish","type":"post","link":"https:\/\/archive.sana.sy\/tr\/?p=327528","title":{"rendered":"Suriye D\u0131\u015fi\u015fleri Bakanl\u0131\u011f\u0131 Afrika-Asya ve Okyanusya \u0130\u015fleri Direkt\u00f6r\u00fc, Japonya D\u0131\u015fi\u015fleri Bakan Yard\u0131mc\u0131s\u0131yla G\u00f6r\u00fc\u015ft\u00fc"},"content":{"rendered":"<p style=\"text-align: justify;\"><span style=\"color: #ff0000;\"><strong>TOKYO (SANA) &#8211;<\/strong> <\/span>Japonya D\u0131\u015fi\u015fleri Bakan Yard\u0131mc\u0131s\u0131 ve Ortado\u011fu ve Kuzey Afrika Genel M\u00fcd\u00fcr\u00fc Toshihide Ando ile Afro-Asya ve Okyanusya \u0130\u015fleri Daire Ba\u015fkan\u0131 Zekeriya Lebabidi, Tokyo&#8217;da yapt\u0131\u011f\u0131 g\u00f6r\u00fc\u015fmede Suriye&#8217;deki geli\u015fmeleri ele ald\u0131.<\/p>\n<p style=\"text-align: justify;\">Lebabidi, Suriye&#8217;nin Japonya&#8217;n\u0131n insani deste\u011finden ve baz\u0131 yapt\u0131r\u0131mlar\u0131n kald\u0131r\u0131lmas\u0131ndan duydu\u011fu memnuniyeti dile getirerek, i\u015f birli\u011fini art\u0131rmak i\u00e7in yapt\u0131r\u0131mlar\u0131n tamamen kald\u0131r\u0131lmas\u0131 \u00e7a\u011fr\u0131s\u0131nda bulundu. Ayr\u0131ca, h\u00fck\u00fcmetin yeniden yap\u0131lanma ve birle\u015fik ve istikrarl\u0131 bir devlet in\u015fa etme \u00e7abalar\u0131n\u0131 da de\u011ferlendirdi.<\/p>\n<p style=\"text-align: justify;\">Ando ise Japonya&#8217;n\u0131n Suriye&#8217;ye verdi\u011fi deste\u011fin ve d\u0131\u015f m\u00fcdahaleleri reddetmesinin yan\u0131 s\u0131ra, \u00fclkesinin topraklar\u0131n\u0131n birli\u011fine ve egemenli\u011fine olan ba\u011fl\u0131l\u0131\u011f\u0131n\u0131 vurgularken, \u00fclkenin siyasi \u00e7\u00f6z\u00fcm ve ulusal uzla\u015f\u0131 yolunda att\u0131\u011f\u0131 olumlu ad\u0131mlar\u0131 \u00f6vd\u00fc.<\/p>\n","protected":false},"excerpt":{"rendered":"<p>TOKYO (SANA) &#8211; Japonya D\u0131\u015fi\u015fleri Bakan Yard\u0131mc\u0131s\u0131 ve Ortado\u011fu ve Kuzey Afrika Genel M\u00fcd\u00fcr\u00fc Toshihide Ando ile Afro-Asya ve Okyanusya \u0130\u015fleri Daire Ba\u015fkan\u0131 Zekeriya Lebabidi, Tokyo&#8217;da yapt\u0131\u011f\u0131 g\u00f6r\u00fc\u015fmede Suriye&#8217;deki geli\u015fmeleri ele ald\u0131. Lebabidi, Suriye&#8217;nin Japonya&#8217;n\u0131n insani deste\u011finden ve baz\u0131 yapt\u0131r\u0131mlar\u0131n kald\u0131r\u0131lmas\u0131ndan duydu\u011fu memnuniyeti dile getirerek, i\u015f birli\u011fini art\u0131rmak i\u00e7in yapt\u0131r\u0131mlar\u0131n tamamen kald\u0131r\u0131lmas\u0131 \u00e7a\u011fr\u0131s\u0131nda bulundu. Ayr\u0131ca, &hellip;<\/p>\n","protected":false},"author":36,"featured_media":327529,"comment_status":"closed","ping_status":"closed","sticky":false,"template":"","format":"standard","meta":{"footnotes":""},"categories":[458,589,459,17988],"tags":[],"class_list":["post-327528","post","type-post","status-publish","format-standard","has-post-thumbnail","","category-dunya1","category-haber-seridi","category-haberler-arap-uluslararasi-politika","category-son-haberler"],"_links":{"self":[{"href":"https:\/\/archive.sana.sy\/tr\/index.php?rest_route=\/wp\/v2\/posts\/327528","targetHints":{"allow":["GET"]}}],"collection":[{"href":"https:\/\/archive.sana.sy\/tr\/index.php?rest_route=\/wp\/v2\/posts"}],"about":[{"href":"https:\/\/archive.sana.sy\/tr\/index.php?rest_route=\/wp\/v2\/types\/post"}],"author":[{"embeddable":true,"href":"https:\/\/archive.sana.sy\/tr\/index.php?rest_route=\/wp\/v2\/users\/36"}],"replies":[{"embeddable":true,"href":"https:\/\/archive.sana.sy\/tr\/index.php?rest_route=%2Fwp%2Fv2%2Fcomments&post=327528"}],"version-history":[{"count":2,"href":"https:\/\/archive.sana.sy\/tr\/index.php?rest_route=\/wp\/v2\/posts\/327528\/revisions"}],"predecessor-version":[{"id":327551,"href":"https:\/\/archive.sana.sy\/tr\/index.php?rest_route=\/wp\/v2\/posts\/327528\/revisions\/327551"}],"wp:featuredmedia":[{"embeddable":true,"href":"https:\/\/archive.sana.sy\/tr\/index.php?rest_route=\/wp\/v2\/media\/327529"}],"wp:attachment":[{"href":"https:\/\/archive.sana.sy\/tr\/index.php?rest_route=%2Fwp%2Fv2%2Fmedia&parent=327528"}],"wp:term":[{"taxonomy":"category","embeddable":true,"href":"https:\/\/archive.sana.sy\/tr\/index.php?rest_route=%2Fwp%2Fv2%2Fcategories&post=327528"},{"taxonomy":"post_tag","embeddable":true,"href":"https:\/\/archive.sana.sy\/tr\/index.php?rest_route=%2Fwp%2Fv2%2Ftags&post=327528"}],"curies":[{"name":"wp","href":"https:\/\/api.w.org\/{rel}","templated":true}]}}