{"id":327535,"date":"2025-08-12T13:11:29","date_gmt":"2025-08-12T10:11:29","guid":{"rendered":"https:\/\/sana.sy\/tr\/?p=327535"},"modified":"2025-08-12T14:43:38","modified_gmt":"2025-08-12T11:43:38","slug":"bagdatta-suriye-irak-gorusmesi","status":"publish","type":"post","link":"https:\/\/archive.sana.sy\/tr\/?p=327535","title":{"rendered":"Ba\u011fdat&#8217;ta Suriye-Irak G\u00f6r\u00fc\u015fmesi"},"content":{"rendered":"<p style=\"text-align: justify;\"><span style=\"color: #ff0000;\"><strong>BA\u011eDAT (SANA) &#8211;<\/strong> <\/span>Enerji Bakan\u0131 Muhammed El Be\u015fir ve Petrol \u0130\u015flerinden Sorumlu Yard\u0131mc\u0131s\u0131 Giyas, bug\u00fcn Irak&#8217;\u0131n ba\u015fkenti Ba\u011fdat&#8217;ta Irak Enerji \u0130\u015flerinden Sorumlu Ba\u015fbakan Yard\u0131mc\u0131s\u0131 ve Petrol Bakan\u0131\u00a0 Hayan Abd\u00fclgani El Sevad ile iki \u00fclke aras\u0131ndaki enerji i\u015f birli\u011fini geli\u015ftirme yollar\u0131n\u0131 g\u00f6r\u00fc\u015fmek \u00fczere bir araya geldi.<\/p>\n<p style=\"text-align: justify;\"><img loading=\"lazy\" decoding=\"async\" class=\"size-medium wp-image-327538 alignright\" src=\"http:\/\/sana.sy\/tr\/wp-content\/uploads\/2025\/08\/3-2-300x200.jpg\" alt=\"\" width=\"300\" height=\"200\" srcset=\"https:\/\/archive.sana.sy\/tr\/wp-content\/uploads\/2025\/08\/3-2-300x200.jpg 300w, https:\/\/archive.sana.sy\/tr\/wp-content\/uploads\/2025\/08\/3-2-1024x683.jpg 1024w, https:\/\/archive.sana.sy\/tr\/wp-content\/uploads\/2025\/08\/3-2-768x512.jpg 768w, https:\/\/archive.sana.sy\/tr\/wp-content\/uploads\/2025\/08\/3-2-1536x1024.jpg 1536w, https:\/\/archive.sana.sy\/tr\/wp-content\/uploads\/2025\/08\/3-2-2048x1366.jpg 2048w\" sizes=\"auto, (max-width: 300px) 100vw, 300px\" \/>Suriye&#8217;nin enerji sekt\u00f6r\u00fcn\u00fcn durumunu de\u011ferlendiren Bakan El Be\u015fir, Suriye&#8217;nin, vatanda\u015flar\u0131n petrol \u00fcr\u00fcnlerine olan ihtiyac\u0131n\u0131 kar\u015f\u0131lamak amac\u0131yla, yerli \u00fcretimin yan\u0131 s\u0131ra ayda yakla\u015f\u0131k 3 milyon varil ham petrol ithal etti\u011fini s\u00f6yledi.<\/p>\n<p style=\"text-align: justify;\">Suriye ve Irak aras\u0131nda petrol boru hatlar\u0131n\u0131n birbirine ba\u011flanmas\u0131n\u0131n ekonomik i\u015f birli\u011fini art\u0131rma a\u00e7\u0131s\u0131ndan \u00f6nemine i\u015faret eden El Be\u015fir, Kerk\u00fck ile Baniyas liman\u0131 aras\u0131ndaki eski petrol boru hatt\u0131n\u0131n \u00f6mr\u00fcn\u00fc tamamlad\u0131\u011f\u0131n\u0131 ve kapsaml\u0131 bir de\u011ferlendirmeye ihtiya\u00e7 duydu\u011funu belirtti.<\/p>\n<p style=\"text-align: justify;\">Irak Petrol Bakan\u0131 ise, \u00fclkesinin Suriye-Irak petrol boru hatt\u0131n\u0131 yeniden faaliyete ge\u00e7irme arzusunu dile getirerek, mevcut durumun de\u011ferlendirilmesi i\u00e7in uzman bir kurulu\u015fa dan\u0131\u015f\u0131lmas\u0131n\u0131, eski boru hatt\u0131n\u0131n onar\u0131lmas\u0131 veya yeni bir boru hatt\u0131 in\u015fa edilmesi olas\u0131l\u0131\u011f\u0131n\u0131n da dahil edilmesini \u00f6nerdi.<\/p>\n<p style=\"text-align: justify;\">Irak Petrol Bakan\u0131, B\u00f6lgedeki son olaylar\u0131n Irak petrol ihracat\u0131n\u0131 etkileyebilece\u011fini ve alternatif \u00e7\u0131k\u0131\u015f yollar\u0131 aramay\u0131 gerekli k\u0131ld\u0131\u011f\u0131n\u0131 belirtti.<\/p>\n<p style=\"text-align: justify;\"><img loading=\"lazy\" decoding=\"async\" class=\"size-medium wp-image-327540 alignright\" src=\"http:\/\/sana.sy\/tr\/wp-content\/uploads\/2025\/08\/4-300x200.jpg\" alt=\"\" width=\"300\" height=\"200\" srcset=\"https:\/\/archive.sana.sy\/tr\/wp-content\/uploads\/2025\/08\/4-300x200.jpg 300w, https:\/\/archive.sana.sy\/tr\/wp-content\/uploads\/2025\/08\/4-1024x683.jpg 1024w, https:\/\/archive.sana.sy\/tr\/wp-content\/uploads\/2025\/08\/4-768x512.jpg 768w, https:\/\/archive.sana.sy\/tr\/wp-content\/uploads\/2025\/08\/4-1536x1024.jpg 1536w, https:\/\/archive.sana.sy\/tr\/wp-content\/uploads\/2025\/08\/4-2048x1366.jpg 2048w\" sizes=\"auto, (max-width: 300px) 100vw, 300px\" \/>Enerji ve Petrol \u0130\u015fleri Bakan Yard\u0131mc\u0131s\u0131 Giyas Diyab ise, boru hatt\u0131 g\u00fczergah\u0131ndaki pompa istasyonlar\u0131n\u0131n neredeyse tamamen y\u0131k\u0131ld\u0131\u011f\u0131n\u0131 ve elektrik altyap\u0131s\u0131 ve in\u015faat i\u015flerinin yan\u0131 s\u0131ra boru hatlar\u0131, tanklar ve pompalar\u0131n yenilenmesi de dahil olmak \u00fczere kapsaml\u0131 bir yenileme gerektirdi\u011fini a\u00e7\u0131klad\u0131.<\/p>\n<p style=\"text-align: justify;\">Diyab ayr\u0131ca, eski boru hatt\u0131n\u0131n yenilenmesinin ve yeni bir boru hatt\u0131 in\u015fa edilmesinin daha fazla ekonomik fayda sa\u011flayaca\u011f\u0131n\u0131 belirtti.<\/p>\n<p style=\"text-align: justify;\">Toplant\u0131da ayr\u0131ca petrol boru hatlar\u0131na paralel olarak optik kablolar\u0131n uzat\u0131lmas\u0131 ve bunlar\u0131n L\u00fcbnan&#8217;a ba\u011flanmas\u0131 projesi de ele al\u0131nd\u0131.<\/p>\n<p style=\"text-align: justify;\">Taraflar, mevcut durumu de\u011ferlendirmek ve i\u015fbirli\u011fi projelerinin do\u011frudan koordinasyonunu y\u00f6netecek bir ana komite olu\u015fturmak \u00fczere ortak teknik ve dan\u0131\u015fmanl\u0131k ekiplerinin g\u00f6revlendirilmesini ve bu dosyan\u0131n takibinin M\u00fchendis Diab taraf\u0131ndan yap\u0131lmas\u0131n\u0131 kararla\u015ft\u0131rd\u0131.<\/p>\n<p style=\"text-align: justify;\">G\u00f6r\u00fc\u015fmenin sonunda taraflar, iki karde\u015f halk\u0131n \u00e7\u0131karlar\u0131na hizmet etmek ve b\u00f6lgesel istikrara katk\u0131da bulunmak amac\u0131yla enerji sekt\u00f6r\u00fcnde ikili i\u015fbirli\u011finin g\u00fc\u00e7lendirilmesinin \u00f6nemini vurgulad\u0131lar.<\/p>\n<div id='gallery-1' class='gallery galleryid-327535 gallery-columns-2 gallery-size-full'><figure class='gallery-item'>\n\t\t\t<div class='gallery-icon landscape'>\n\t\t\t\t<a href='https:\/\/archive.sana.sy\/tr\/wp-content\/uploads\/2025\/08\/photo_2025-08-12_12-35-20-scaled-1.jpg'><img loading=\"lazy\" decoding=\"async\" width=\"2560\" height=\"1707\" src=\"https:\/\/archive.sana.sy\/tr\/wp-content\/uploads\/2025\/08\/photo_2025-08-12_12-35-20-scaled-1.jpg\" class=\"attachment-full size-full\" alt=\"\" srcset=\"https:\/\/archive.sana.sy\/tr\/wp-content\/uploads\/2025\/08\/photo_2025-08-12_12-35-20-scaled-1.jpg 2560w, https:\/\/archive.sana.sy\/tr\/wp-content\/uploads\/2025\/08\/photo_2025-08-12_12-35-20-scaled-1-300x200.jpg 300w, https:\/\/archive.sana.sy\/tr\/wp-content\/uploads\/2025\/08\/photo_2025-08-12_12-35-20-scaled-1-1024x683.jpg 1024w, https:\/\/archive.sana.sy\/tr\/wp-content\/uploads\/2025\/08\/photo_2025-08-12_12-35-20-scaled-1-768x512.jpg 768w, https:\/\/archive.sana.sy\/tr\/wp-content\/uploads\/2025\/08\/photo_2025-08-12_12-35-20-scaled-1-1536x1024.jpg 1536w, https:\/\/archive.sana.sy\/tr\/wp-content\/uploads\/2025\/08\/photo_2025-08-12_12-35-20-scaled-1-2048x1366.jpg 2048w\" sizes=\"auto, (max-width: 2560px) 100vw, 2560px\" \/><\/a>\n\t\t\t<\/div><\/figure><figure class='gallery-item'>\n\t\t\t<div class='gallery-icon landscape'>\n\t\t\t\t<a href='https:\/\/archive.sana.sy\/tr\/wp-content\/uploads\/2025\/08\/photo_2025-08-12_12-35-42-scaled-1.jpg'><img loading=\"lazy\" decoding=\"async\" width=\"2560\" height=\"1707\" src=\"https:\/\/archive.sana.sy\/tr\/wp-content\/uploads\/2025\/08\/photo_2025-08-12_12-35-42-scaled-1.jpg\" class=\"attachment-full size-full\" alt=\"\" srcset=\"https:\/\/archive.sana.sy\/tr\/wp-content\/uploads\/2025\/08\/photo_2025-08-12_12-35-42-scaled-1.jpg 2560w, https:\/\/archive.sana.sy\/tr\/wp-content\/uploads\/2025\/08\/photo_2025-08-12_12-35-42-scaled-1-300x200.jpg 300w, https:\/\/archive.sana.sy\/tr\/wp-content\/uploads\/2025\/08\/photo_2025-08-12_12-35-42-scaled-1-1024x683.jpg 1024w, https:\/\/archive.sana.sy\/tr\/wp-content\/uploads\/2025\/08\/photo_2025-08-12_12-35-42-scaled-1-768x512.jpg 768w, https:\/\/archive.sana.sy\/tr\/wp-content\/uploads\/2025\/08\/photo_2025-08-12_12-35-42-scaled-1-1536x1024.jpg 1536w, https:\/\/archive.sana.sy\/tr\/wp-content\/uploads\/2025\/08\/photo_2025-08-12_12-35-42-scaled-1-2048x1366.jpg 2048w\" sizes=\"auto, (max-width: 2560px) 100vw, 2560px\" \/><\/a>\n\t\t\t<\/div><\/figure>\n\t\t<\/div>\n\n","protected":false},"excerpt":{"rendered":"<p>BA\u011eDAT (SANA) &#8211; Enerji Bakan\u0131 Muhammed El Be\u015fir ve Petrol \u0130\u015flerinden Sorumlu Yard\u0131mc\u0131s\u0131 Giyas, bug\u00fcn Irak&#8217;\u0131n ba\u015fkenti Ba\u011fdat&#8217;ta Irak Enerji \u0130\u015flerinden Sorumlu Ba\u015fbakan Yard\u0131mc\u0131s\u0131 ve Petrol Bakan\u0131\u00a0 Hayan Abd\u00fclgani El Sevad ile iki \u00fclke aras\u0131ndaki enerji i\u015f birli\u011fini geli\u015ftirme yollar\u0131n\u0131 g\u00f6r\u00fc\u015fmek \u00fczere bir araya geldi. Suriye&#8217;nin enerji sekt\u00f6r\u00fcn\u00fcn durumunu de\u011ferlendiren Bakan El Be\u015fir, Suriye&#8217;nin, vatanda\u015flar\u0131n &hellip;<\/p>\n","protected":false},"author":36,"featured_media":327536,"comment_status":"closed","ping_status":"closed","sticky":false,"template":"","format":"standard","meta":{"footnotes":""},"categories":[458,589,459,17991,17988],"tags":[],"class_list":["post-327535","post","type-post","status-publish","format-standard","has-post-thumbnail","","category-dunya1","category-haber-seridi","category-haberler-arap-uluslararasi-politika","category-son-dakika","category-son-haberler"],"_links":{"self":[{"href":"https:\/\/archive.sana.sy\/tr\/index.php?rest_route=\/wp\/v2\/posts\/327535","targetHints":{"allow":["GET"]}}],"collection":[{"href":"https:\/\/archive.sana.sy\/tr\/index.php?rest_route=\/wp\/v2\/posts"}],"about":[{"href":"https:\/\/archive.sana.sy\/tr\/index.php?rest_route=\/wp\/v2\/types\/post"}],"author":[{"embeddable":true,"href":"https:\/\/archive.sana.sy\/tr\/index.php?rest_route=\/wp\/v2\/users\/36"}],"replies":[{"embeddable":true,"href":"https:\/\/archive.sana.sy\/tr\/index.php?rest_route=%2Fwp%2Fv2%2Fcomments&post=327535"}],"version-history":[{"count":5,"href":"https:\/\/archive.sana.sy\/tr\/index.php?rest_route=\/wp\/v2\/posts\/327535\/revisions"}],"predecessor-version":[{"id":327554,"href":"https:\/\/archive.sana.sy\/tr\/index.php?rest_route=\/wp\/v2\/posts\/327535\/revisions\/327554"}],"wp:featuredmedia":[{"embeddable":true,"href":"https:\/\/archive.sana.sy\/tr\/index.php?rest_route=\/wp\/v2\/media\/327536"}],"wp:attachment":[{"href":"https:\/\/archive.sana.sy\/tr\/index.php?rest_route=%2Fwp%2Fv2%2Fmedia&parent=327535"}],"wp:term":[{"taxonomy":"category","embeddable":true,"href":"https:\/\/archive.sana.sy\/tr\/index.php?rest_route=%2Fwp%2Fv2%2Fcategories&post=327535"},{"taxonomy":"post_tag","embeddable":true,"href":"https:\/\/archive.sana.sy\/tr\/index.php?rest_route=%2Fwp%2Fv2%2Ftags&post=327535"}],"curies":[{"name":"wp","href":"https:\/\/api.w.org\/{rel}","templated":true}]}}