{"id":32755,"date":"2015-05-10T11:34:10","date_gmt":"2015-05-10T08:34:10","guid":{"rendered":"http:\/\/sana.sy\/tr\/?p=32755"},"modified":"2015-05-10T11:34:10","modified_gmt":"2015-05-10T08:34:10","slug":"mardini-ordu-yaralilarini-ziyaret-etti-yaralilara-tedavi-hizmetleri-acilen-sunulacaktir","status":"publish","type":"post","link":"https:\/\/archive.sana.sy\/tr\/?p=32755","title":{"rendered":"Mardini Ordu Yaral\u0131lar\u0131n\u0131 Ziyaret Etti: Yaral\u0131lara Tedavi Hizmetleri Acilen Sunulacakt\u0131r"},"content":{"rendered":"<p>LAZK\u0130YE \u2013 Y\u00fcksek \u00d6\u011fretim Bakan\u0131 Muhammed Amir Mardini, ordu yaral\u0131lar\u0131n\u0131n yaralar\u0131n\u0131n acilen sar\u0131lmas\u0131 i\u00e7in gerekli b\u00fct\u00fcn tedavi hizmetlerinin\u00a0 sunulmas\u0131 y\u00f6n\u00fcnde ciddi \u00e7al\u0131\u015fmalarla gerekli acil ilk yard\u0131mlar\u0131n sunulmas\u0131 yolunda b\u00fct\u00fcn hastane ve sa\u011fl\u0131k ekiplerinin\u00a0 her zaman haz\u0131r durumda bulunmas\u0131 zorunlulu\u011funu belirtti.<\/p>\n<p>Bakan Mardini Lazkiye el Esad \u00dcniversite Hastanesinde ikamet etmekte olan Suriye Arap ordusu yaral\u0131lar\u0131n\u0131 ziyareti esnas\u0131nda, Y\u00fcksek \u00d6\u011fretim Bakanl\u0131\u011f\u0131n\u0131n, kendilerini ordu hizmetine g\u00f6n\u00fcll\u00fc koyan doktor, hem\u015fire ve y\u00f6netici kadrosundan onur duydu\u011funu belirterek, Suriye Arap ordusunun vatan topraklar\u0131n\u0131 savunmak i\u00e7in\u00a0 harcad\u0131\u011f\u0131 fedakarl\u0131klar\u0131 dile getirdi.<\/p>\n<p>Kendi y\u00f6n\u00fcnden Lazkiye Valisi \u0130brahim H\u0131d\u0131r el Salim, ordu yaral\u0131lar\u0131n\u0131n her zaman ziyaret edilmesi \u00f6nemine i\u015faret ederek, bunun vatani bir g\u00f6rev oldu\u011funu \u00e7\u00fcnk\u00fc askerlerin yapt\u0131klar\u0131n\u0131n direni\u015f ve topra\u011f\u0131 savunman\u0131n en g\u00fczel \u00f6rne\u011fi oldu\u011funu s\u00f6yledi.<\/p>\n<p>Bu arada Sosyalist Arap el Baas Partisi Lazkiye \u015eube Sekreteri Muhammed \u015ereyteh, Suriyelilerin kahraman askerilerin direni\u015fleriyle onur duyduklar\u0131n\u0131 belirterek yak\u0131nda ger\u00e7ekle\u015fecek zafer t\u00f6renlerine kat\u0131lmalar\u0131 \u00fczere yaral\u0131 askerlere acil \u015fifalar diledi.<\/p>\n<p>Kendi y\u00f6n\u00fcnden yaral\u0131lar,\u00a0 vatan d\u00fc\u015fmanlar\u0131n\u0131 bertaraf etmek ve \u00f6\u00e7 almak i\u00e7in \u015fifa bularak en k\u0131sa zamanda cepheye gitme azim ve \u0131srarlar\u0131n\u0131 dile getirdi.<\/p>\n<div id='gallery-1' class='gallery galleryid-32755 gallery-columns-2 gallery-size-thumbnail'><figure class='gallery-item'>\n\t\t\t<div class='gallery-icon landscape'>\n\t\t\t\t<a href='https:\/\/archive.sana.sy\/tr\/wp-content\/uploads\/2015\/05\/Mardini-3.jpg'><img loading=\"lazy\" decoding=\"async\" width=\"150\" height=\"90\" src=\"https:\/\/archive.sana.sy\/tr\/wp-content\/uploads\/2015\/05\/Mardini-3-150x90.jpg\" class=\"attachment-thumbnail size-thumbnail\" alt=\"\" srcset=\"https:\/\/archive.sana.sy\/tr\/wp-content\/uploads\/2015\/05\/Mardini-3-150x90.jpg 150w, https:\/\/archive.sana.sy\/tr\/wp-content\/uploads\/2015\/05\/Mardini-3-300x180.jpg 300w, https:\/\/archive.sana.sy\/tr\/wp-content\/uploads\/2015\/05\/Mardini-3.jpg 500w\" sizes=\"auto, (max-width: 150px) 100vw, 150px\" \/><\/a>\n\t\t\t<\/div><\/figure><figure class='gallery-item'>\n\t\t\t<div class='gallery-icon landscape'>\n\t\t\t\t<a href='https:\/\/archive.sana.sy\/tr\/wp-content\/uploads\/2015\/05\/Mardini-2.jpg'><img loading=\"lazy\" decoding=\"async\" width=\"150\" height=\"90\" src=\"https:\/\/archive.sana.sy\/tr\/wp-content\/uploads\/2015\/05\/Mardini-2-150x90.jpg\" class=\"attachment-thumbnail size-thumbnail\" alt=\"\" srcset=\"https:\/\/archive.sana.sy\/tr\/wp-content\/uploads\/2015\/05\/Mardini-2-150x90.jpg 150w, https:\/\/archive.sana.sy\/tr\/wp-content\/uploads\/2015\/05\/Mardini-2-300x180.jpg 300w, https:\/\/archive.sana.sy\/tr\/wp-content\/uploads\/2015\/05\/Mardini-2.jpg 500w\" sizes=\"auto, (max-width: 150px) 100vw, 150px\" \/><\/a>\n\t\t\t<\/div><\/figure>\n\t\t<\/div>\n\n<p>S.\u015e. &#8211; R.H.<\/p>\n","protected":false},"excerpt":{"rendered":"<p>LAZK\u0130YE \u2013 Y\u00fcksek \u00d6\u011fretim Bakan\u0131 Muhammed Amir Mardini, ordu yaral\u0131lar\u0131n\u0131n yaralar\u0131n\u0131n acilen sar\u0131lmas\u0131 i\u00e7in gerekli b\u00fct\u00fcn tedavi hizmetlerinin\u00a0 sunulmas\u0131 y\u00f6n\u00fcnde ciddi \u00e7al\u0131\u015fmalarla gerekli acil ilk yard\u0131mlar\u0131n sunulmas\u0131 yolunda b\u00fct\u00fcn hastane ve sa\u011fl\u0131k ekiplerinin\u00a0 her zaman haz\u0131r durumda bulunmas\u0131 zorunlulu\u011funu belirtti. Bakan Mardini Lazkiye el Esad \u00dcniversite Hastanesinde ikamet etmekte olan Suriye Arap ordusu yaral\u0131lar\u0131n\u0131 ziyareti &hellip;<\/p>\n","protected":false},"author":1,"featured_media":32758,"comment_status":"closed","ping_status":"closed","sticky":false,"template":"","format":"standard","meta":{"footnotes":""},"categories":[479,478],"tags":[14415],"class_list":["post-32755","post","type-post","status-publish","format-standard","has-post-thumbnail","","category-haberler-yerel","category-yerel","tag-mardini-ordu-yaralilarini-ziyaret-etti-yaralilara-tedavi-hizmetleri-acilen-sunulacaktir-lazkiye-yuksek-ogretim-bakani-muhammed-amir-mardini"],"_links":{"self":[{"href":"https:\/\/archive.sana.sy\/tr\/index.php?rest_route=\/wp\/v2\/posts\/32755","targetHints":{"allow":["GET"]}}],"collection":[{"href":"https:\/\/archive.sana.sy\/tr\/index.php?rest_route=\/wp\/v2\/posts"}],"about":[{"href":"https:\/\/archive.sana.sy\/tr\/index.php?rest_route=\/wp\/v2\/types\/post"}],"author":[{"embeddable":true,"href":"https:\/\/archive.sana.sy\/tr\/index.php?rest_route=\/wp\/v2\/users\/1"}],"replies":[{"embeddable":true,"href":"https:\/\/archive.sana.sy\/tr\/index.php?rest_route=%2Fwp%2Fv2%2Fcomments&post=32755"}],"version-history":[{"count":0,"href":"https:\/\/archive.sana.sy\/tr\/index.php?rest_route=\/wp\/v2\/posts\/32755\/revisions"}],"wp:featuredmedia":[{"embeddable":true,"href":"https:\/\/archive.sana.sy\/tr\/index.php?rest_route=\/wp\/v2\/media\/32758"}],"wp:attachment":[{"href":"https:\/\/archive.sana.sy\/tr\/index.php?rest_route=%2Fwp%2Fv2%2Fmedia&parent=32755"}],"wp:term":[{"taxonomy":"category","embeddable":true,"href":"https:\/\/archive.sana.sy\/tr\/index.php?rest_route=%2Fwp%2Fv2%2Fcategories&post=32755"},{"taxonomy":"post_tag","embeddable":true,"href":"https:\/\/archive.sana.sy\/tr\/index.php?rest_route=%2Fwp%2Fv2%2Ftags&post=32755"}],"curies":[{"name":"wp","href":"https:\/\/api.w.org\/{rel}","templated":true}]}}