{"id":327558,"date":"2025-08-12T15:34:58","date_gmt":"2025-08-12T12:34:58","guid":{"rendered":"https:\/\/sana.sy\/tr\/?p=327558"},"modified":"2025-08-13T15:08:33","modified_gmt":"2025-08-13T12:08:33","slug":"urdunun-baskenti-ammanda-suriye-urdun-amerika-uclu-gorusmesi","status":"publish","type":"post","link":"https:\/\/archive.sana.sy\/tr\/?p=327558","title":{"rendered":"\u00dcrd\u00fcn&#8217;\u00fcn Ba\u015fkenti Amman&#8217;da Suriye-\u00dcrd\u00fcn-Amerika \u00dc\u00e7l\u00fc G\u00f6r\u00fc\u015fmesi"},"content":{"rendered":"<p style=\"text-align: justify;\" data-start=\"191\" data-end=\"387\"><span style=\"color: #ff0000;\"><b>AMMAN (SANA)<\/b><\/span> \u2013 D\u0131\u015fi\u015fleri ve Gurbet\u00e7iler Bakan\u0131 Asaad Hasan El \u015eeybani, \u00dcrd\u00fcnl\u00fc mevkida\u015f\u0131 Eymen Safadi ile ABD&#8217;nin Suriye \u00d6zel Temsilcisi Thomas Barrack, \u00dcrd\u00fcn\u2019\u00fcn ba\u015fkenti Amman\u2019da bir araya geldi.<\/p>\n<p style=\"text-align: justify;\" data-start=\"389\" data-end=\"576\">G\u00f6r\u00fc\u015fmede, Suriye Arap Cumhuriyeti\u2019nin istikrar\u0131, egemenli\u011fi ve b\u00f6lgesel g\u00fcvenli\u011fine hizmet etmek amac\u0131yla \u00fc\u00e7 taraf aras\u0131ndaki i\u015f birli\u011fi ve koordinasyonun art\u0131r\u0131lmas\u0131 yollar\u0131 ele al\u0131nd\u0131.<\/p>\n<p style=\"text-align: justify;\" data-start=\"578\" data-end=\"770\">Ayr\u0131ca, Suriye h\u00fck\u00fcmetinin S\u00fcveyda vilayetinde ate\u015fkesi g\u00fc\u00e7lendirme ve krize kapsaml\u0131 bir \u00e7\u00f6z\u00fcm bulma \u00e7abalar\u0131n\u0131 desteklemek \u00fczere Suriye-\u00dcrd\u00fcn-Amerika \u00e7al\u0131\u015fma grubu kurulmas\u0131na karar verildi.<\/p>\n<p style=\"text-align: justify;\" data-start=\"772\" data-end=\"1068\">G\u00f6r\u00fc\u015fmede de, Suriye h\u00fck\u00fcmetinin insani yard\u0131m faaliyetleri, \u00f6zellikle temel hizmetlerin yeniden sa\u011flanmas\u0131, ihlallerin faillerinin hesap vermesi ve yerinden edilmi\u015f ki\u015filerin evlerine g\u00fcvenli \u015fekilde d\u00f6nmelerine y\u00f6nelik gerekli ko\u015fullar\u0131n olu\u015fturulmas\u0131 konusundaki \u00e7abalar memnuniyetle kar\u015f\u0131land\u0131.<\/p>\n<div id='gallery-1' class='gallery galleryid-327558 gallery-columns-2 gallery-size-medium'><figure class='gallery-item'>\n\t\t\t<div class='gallery-icon landscape'>\n\t\t\t\t<a href='https:\/\/archive.sana.sy\/tr\/?attachment_id=327579'><img loading=\"lazy\" decoding=\"async\" width=\"300\" height=\"169\" src=\"https:\/\/archive.sana.sy\/tr\/wp-content\/uploads\/2025\/08\/1-8-300x169.jpg\" class=\"attachment-medium size-medium\" alt=\"\" srcset=\"https:\/\/archive.sana.sy\/tr\/wp-content\/uploads\/2025\/08\/1-8-300x169.jpg 300w, https:\/\/archive.sana.sy\/tr\/wp-content\/uploads\/2025\/08\/1-8-1024x575.jpg 1024w, https:\/\/archive.sana.sy\/tr\/wp-content\/uploads\/2025\/08\/1-8-768x431.jpg 768w, https:\/\/archive.sana.sy\/tr\/wp-content\/uploads\/2025\/08\/1-8-1536x863.jpg 1536w, https:\/\/archive.sana.sy\/tr\/wp-content\/uploads\/2025\/08\/1-8-2048x1150.jpg 2048w\" sizes=\"auto, (max-width: 300px) 100vw, 300px\" \/><\/a>\n\t\t\t<\/div><\/figure><figure class='gallery-item'>\n\t\t\t<div class='gallery-icon landscape'>\n\t\t\t\t<a href='https:\/\/archive.sana.sy\/tr\/?attachment_id=327580'><img loading=\"lazy\" decoding=\"async\" width=\"300\" height=\"168\" src=\"https:\/\/archive.sana.sy\/tr\/wp-content\/uploads\/2025\/08\/2-6-300x168.jpg\" class=\"attachment-medium size-medium\" alt=\"\" srcset=\"https:\/\/archive.sana.sy\/tr\/wp-content\/uploads\/2025\/08\/2-6-300x168.jpg 300w, https:\/\/archive.sana.sy\/tr\/wp-content\/uploads\/2025\/08\/2-6-1024x574.jpg 1024w, https:\/\/archive.sana.sy\/tr\/wp-content\/uploads\/2025\/08\/2-6-768x431.jpg 768w, https:\/\/archive.sana.sy\/tr\/wp-content\/uploads\/2025\/08\/2-6-1536x862.jpg 1536w, https:\/\/archive.sana.sy\/tr\/wp-content\/uploads\/2025\/08\/2-6-2048x1149.jpg 2048w\" sizes=\"auto, (max-width: 300px) 100vw, 300px\" \/><\/a>\n\t\t\t<\/div><\/figure>\n\t\t<\/div>\n\n","protected":false},"excerpt":{"rendered":"<p>AMMAN (SANA) \u2013 D\u0131\u015fi\u015fleri ve Gurbet\u00e7iler Bakan\u0131 Asaad Hasan El \u015eeybani, \u00dcrd\u00fcnl\u00fc mevkida\u015f\u0131 Eymen Safadi ile ABD&#8217;nin Suriye \u00d6zel Temsilcisi Thomas Barrack, \u00dcrd\u00fcn\u2019\u00fcn ba\u015fkenti Amman\u2019da bir araya geldi. G\u00f6r\u00fc\u015fmede, Suriye Arap Cumhuriyeti\u2019nin istikrar\u0131, egemenli\u011fi ve b\u00f6lgesel g\u00fcvenli\u011fine hizmet etmek amac\u0131yla \u00fc\u00e7 taraf aras\u0131ndaki i\u015f birli\u011fi ve koordinasyonun art\u0131r\u0131lmas\u0131 yollar\u0131 ele al\u0131nd\u0131. Ayr\u0131ca, Suriye h\u00fck\u00fcmetinin S\u00fcveyda &hellip;<\/p>\n","protected":false},"author":41,"featured_media":327561,"comment_status":"closed","ping_status":"closed","sticky":false,"template":"","format":"standard","meta":{"footnotes":""},"categories":[458,589,459,17988],"tags":[],"class_list":["post-327558","post","type-post","status-publish","format-standard","has-post-thumbnail","","category-dunya1","category-haber-seridi","category-haberler-arap-uluslararasi-politika","category-son-haberler"],"_links":{"self":[{"href":"https:\/\/archive.sana.sy\/tr\/index.php?rest_route=\/wp\/v2\/posts\/327558","targetHints":{"allow":["GET"]}}],"collection":[{"href":"https:\/\/archive.sana.sy\/tr\/index.php?rest_route=\/wp\/v2\/posts"}],"about":[{"href":"https:\/\/archive.sana.sy\/tr\/index.php?rest_route=\/wp\/v2\/types\/post"}],"author":[{"embeddable":true,"href":"https:\/\/archive.sana.sy\/tr\/index.php?rest_route=\/wp\/v2\/users\/41"}],"replies":[{"embeddable":true,"href":"https:\/\/archive.sana.sy\/tr\/index.php?rest_route=%2Fwp%2Fv2%2Fcomments&post=327558"}],"version-history":[{"count":3,"href":"https:\/\/archive.sana.sy\/tr\/index.php?rest_route=\/wp\/v2\/posts\/327558\/revisions"}],"predecessor-version":[{"id":327633,"href":"https:\/\/archive.sana.sy\/tr\/index.php?rest_route=\/wp\/v2\/posts\/327558\/revisions\/327633"}],"wp:featuredmedia":[{"embeddable":true,"href":"https:\/\/archive.sana.sy\/tr\/index.php?rest_route=\/wp\/v2\/media\/327561"}],"wp:attachment":[{"href":"https:\/\/archive.sana.sy\/tr\/index.php?rest_route=%2Fwp%2Fv2%2Fmedia&parent=327558"}],"wp:term":[{"taxonomy":"category","embeddable":true,"href":"https:\/\/archive.sana.sy\/tr\/index.php?rest_route=%2Fwp%2Fv2%2Fcategories&post=327558"},{"taxonomy":"post_tag","embeddable":true,"href":"https:\/\/archive.sana.sy\/tr\/index.php?rest_route=%2Fwp%2Fv2%2Ftags&post=327558"}],"curies":[{"name":"wp","href":"https:\/\/api.w.org\/{rel}","templated":true}]}}