{"id":327562,"date":"2025-08-12T17:15:39","date_gmt":"2025-08-12T14:15:39","guid":{"rendered":"https:\/\/sana.sy\/tr\/?p=327562"},"modified":"2025-08-14T10:21:40","modified_gmt":"2025-08-14T07:21:40","slug":"suriye-arap-cumhuriyeti-urdun-hasimi-kralligi-ve-abdnin-ortak-aciklamasi","status":"publish","type":"post","link":"https:\/\/archive.sana.sy\/tr\/?p=327562","title":{"rendered":"Suriye Arap Cumhuriyeti, \u00dcrd\u00fcn Ha\u015fimi Krall\u0131\u011f\u0131 ve ABD&#8217;nin Ortak A\u00e7\u0131klamas\u0131"},"content":{"rendered":"<p style=\"text-align: justify;\"><span style=\"color: #ff0000;\"><strong>AMMAN (SANA)<\/strong><\/span> \u2013 \u00dcrd\u00fcn Ha\u015fimi Krall\u0131\u011f\u0131, bug\u00fcn \u00dcrd\u00fcn, Suriye ve Amerika Birle\u015fik Devletleri aras\u0131nda ortak bir toplant\u0131ya ev sahipli\u011fi yaparak, Suriye\u2019deki durumu ve Suriye\u2019nin g\u00fcvenli\u011fi, istikrar\u0131, egemenli\u011fi, birli\u011fi ve i\u015flerine kar\u0131\u015fmama ilkelerini garanti alt\u0131na alan; karde\u015f Suriye halk\u0131n\u0131n \u00f6zlemlerini kar\u015f\u0131layan ve t\u00fcm Suriyelilerin haklar\u0131n\u0131 koruyan temeller \u00fczerinde yeniden in\u015fa s\u00fcrecini destekleme yollar\u0131n\u0131 g\u00f6r\u00fc\u015ft\u00fc.<\/p>\n<p style=\"text-align: justify;\">Toplant\u0131ya Ba\u015fbakan Yard\u0131mc\u0131s\u0131 ve D\u0131\u015fi\u015fleri ve Gurbet\u00e7iler Bakan\u0131 Eymen Safadi, Suriye D\u0131\u015fi\u015fleri ve Gurbet\u00e7iler Bakan\u0131 Asaad El \u015eeybani, ABD\u2019nin T\u00fcrkiye B\u00fcy\u00fckel\u00e7isi ve ABD\u2019nin Suriye \u00d6zel Temsilcisi Thomas Barrack ile \u00fc\u00e7 \u00fclkenin ilgili kurumlar\u0131n\u0131n temsilcileri kat\u0131ld\u0131. Bu toplant\u0131, 19 Temmuz 2025\u2019te Amman\u2019da d\u00fczenlenen ve Suriye\u2019nin g\u00fcneyindeki S\u00fcveyda ilinde ate\u015fkesin g\u00fc\u00e7lendirilmesi ve krizin \u00e7\u00f6z\u00fclmesine y\u00f6nelik g\u00f6r\u00fc\u015fmelerin devam\u0131 niteli\u011findeydi.<\/p>\n<p style=\"text-align: justify;\">Kat\u0131l\u0131mc\u0131lar, S\u00fcveyda Valili\u011fi\u2019nin t\u00fcm yerel topluluklar\u0131yla birlikte Suriye Arap Cumhuriyeti\u2019nin ayr\u0131lmaz bir par\u00e7as\u0131 oldu\u011funu, t\u00fcm Suriyeliler i\u00e7in g\u00fcvenli ve umut vaat eden bir gelece\u011fe do\u011fru yeni bir Suriye in\u015fas\u0131nda halk\u0131n haklar\u0131n\u0131n korundu\u011funu ve temsiliyetinin sa\u011fland\u0131\u011f\u0131n\u0131 vurgulad\u0131lar.<\/p>\n<p style=\"text-align: justify;\">Suudi Arabistan ve ABD, Suriye H\u00fck\u00fcmeti\u2019nin a\u015fa\u011f\u0131daki ad\u0131mlar\u0131n\u0131 memnuniyetle kar\u015f\u0131lad\u0131:<\/p>\n<ul style=\"text-align: justify;\">\n<li>S\u00fcveyda Valili\u011fi\u2019nde i\u015flenen su\u00e7lar ve ihlallerle ilgili t\u00fcm faillerin kapsaml\u0131 \u015fekilde soru\u015fturulmas\u0131 ve sorumlular\u0131n hesap vermesi; ilgili BM kurulu\u015flar\u0131yla i\u015fbirli\u011fi yapma ve soru\u015fturma s\u00fcrecine onlar\u0131 dahil etme iste\u011fi.<\/li>\n<li>BM\u2019nin ilgili kurulu\u015flar\u0131yla i\u015fbirli\u011fi de dahil olmak \u00fczere, S\u00fcveyda Valili\u011fi\u2019nin t\u00fcm b\u00f6lgelerine insani yard\u0131m ak\u0131\u015f\u0131n\u0131n art\u0131r\u0131lmas\u0131.<\/li>\n<li>\u0130lde ya\u015fanan olaylar nedeniyle aksayan hizmetlerin yeniden sa\u011flanmas\u0131 amac\u0131yla hizmet kurumlar\u0131n\u0131n \u00e7al\u0131\u015fmalar\u0131n\u0131n yo\u011funla\u015ft\u0131r\u0131lmas\u0131.<\/li>\n<li>Olaylardan zarar g\u00f6ren b\u00f6lgelerde rehabilitasyon \u00e7al\u0131\u015fmalar\u0131na ba\u015flanmas\u0131.<\/li>\n<li>Uluslararas\u0131 toplumun bu \u00e7abalara katk\u0131lar\u0131n\u0131 memnuniyetle kar\u015f\u0131lama ve Suriye H\u00fck\u00fcmeti\u2019nin yerinden edilmi\u015f ki\u015filerin eski yerle\u015fim yerlerine d\u00f6n\u00fc\u015f \u00e7abalar\u0131n\u0131 destekleme.<\/li>\n<li>S\u00fcveyda Valili\u011fi\u2019nde toplumsal uzla\u015f\u0131lar\u0131n ba\u015flat\u0131lmas\u0131 ve i\u00e7 bar\u0131\u015f\u0131n g\u00fc\u00e7lendirilmesi.<\/li>\n<li>Bu s\u00fcre\u00e7te \u00dcrd\u00fcn Ha\u015fimi Krall\u0131\u011f\u0131 ve Amerika Birle\u015fik Devletleri\u2019nin destek ve yard\u0131mlar\u0131ndan duyulan memnuniyet.<\/li>\n<\/ul>\n<p style=\"text-align: justify;\">Safadi, Krall\u0131k ve ABD\u2019nin Suriye\u2019nin g\u00fcvenli\u011fi, istikrar\u0131, egemenli\u011fi, toprak b\u00fct\u00fcnl\u00fc\u011f\u00fc ve vatanda\u015flar\u0131n\u0131n emniyetine tam destek ve dayan\u0131\u015fmas\u0131n\u0131 yineleyip kutsad\u0131. Uluslararas\u0131 toplumu, Suriye\u2019nin g\u00fcvenli\u011fi, istikrar\u0131, egemenli\u011fi ve birli\u011fini garanti alt\u0131na alan; karde\u015f halk\u0131n \u00f6zlemlerini kar\u015f\u0131layan ve t\u00fcm Suriyelilerin haklar\u0131n\u0131 koruyan temeller \u00fczerine yeniden in\u015fa \u00e7abalar\u0131nda destek olmaya \u00e7a\u011f\u0131rd\u0131.<\/p>\n<p style=\"text-align: justify;\">\u00dc\u00e7 taraf, bug\u00fcnk\u00fc g\u00f6r\u00fc\u015fmeleri tamamlayarak, Suriye H\u00fck\u00fcmeti\u2019nin S\u00fcveyda Valili\u011fi\u2019nde ate\u015fkesi sa\u011flama ve krizi sona erdirme \u00e7abalar\u0131n\u0131 desteklemek amac\u0131yla Suriye, \u00dcrd\u00fcn ve ABD\u2019den olu\u015fan \u00fc\u00e7l\u00fc bir \u00e7al\u0131\u015fma grubu kurulmas\u0131 talebine kar\u015f\u0131l\u0131k \u00f6n\u00fcm\u00fczdeki haftalarda bir toplant\u0131 daha yap\u0131lmas\u0131 konusunda mutab\u0131k kald\u0131.<\/p>\n","protected":false},"excerpt":{"rendered":"<p>AMMAN (SANA) \u2013 \u00dcrd\u00fcn Ha\u015fimi Krall\u0131\u011f\u0131, bug\u00fcn \u00dcrd\u00fcn, Suriye ve Amerika Birle\u015fik Devletleri aras\u0131nda ortak bir toplant\u0131ya ev sahipli\u011fi yaparak, Suriye\u2019deki durumu ve Suriye\u2019nin g\u00fcvenli\u011fi, istikrar\u0131, egemenli\u011fi, birli\u011fi ve i\u015flerine kar\u0131\u015fmama ilkelerini garanti alt\u0131na alan; karde\u015f Suriye halk\u0131n\u0131n \u00f6zlemlerini kar\u015f\u0131layan ve t\u00fcm Suriyelilerin haklar\u0131n\u0131 koruyan temeller \u00fczerinde yeniden in\u015fa s\u00fcrecini destekleme yollar\u0131n\u0131 g\u00f6r\u00fc\u015ft\u00fc. Toplant\u0131ya Ba\u015fbakan &hellip;<\/p>\n","protected":false},"author":41,"featured_media":327570,"comment_status":"closed","ping_status":"closed","sticky":false,"template":"","format":"standard","meta":{"footnotes":""},"categories":[458,459],"tags":[],"class_list":["post-327562","post","type-post","status-publish","format-standard","has-post-thumbnail","","category-dunya1","category-haberler-arap-uluslararasi-politika"],"_links":{"self":[{"href":"https:\/\/archive.sana.sy\/tr\/index.php?rest_route=\/wp\/v2\/posts\/327562","targetHints":{"allow":["GET"]}}],"collection":[{"href":"https:\/\/archive.sana.sy\/tr\/index.php?rest_route=\/wp\/v2\/posts"}],"about":[{"href":"https:\/\/archive.sana.sy\/tr\/index.php?rest_route=\/wp\/v2\/types\/post"}],"author":[{"embeddable":true,"href":"https:\/\/archive.sana.sy\/tr\/index.php?rest_route=\/wp\/v2\/users\/41"}],"replies":[{"embeddable":true,"href":"https:\/\/archive.sana.sy\/tr\/index.php?rest_route=%2Fwp%2Fv2%2Fcomments&post=327562"}],"version-history":[{"count":1,"href":"https:\/\/archive.sana.sy\/tr\/index.php?rest_route=\/wp\/v2\/posts\/327562\/revisions"}],"predecessor-version":[{"id":327564,"href":"https:\/\/archive.sana.sy\/tr\/index.php?rest_route=\/wp\/v2\/posts\/327562\/revisions\/327564"}],"wp:featuredmedia":[{"embeddable":true,"href":"https:\/\/archive.sana.sy\/tr\/index.php?rest_route=\/wp\/v2\/media\/327570"}],"wp:attachment":[{"href":"https:\/\/archive.sana.sy\/tr\/index.php?rest_route=%2Fwp%2Fv2%2Fmedia&parent=327562"}],"wp:term":[{"taxonomy":"category","embeddable":true,"href":"https:\/\/archive.sana.sy\/tr\/index.php?rest_route=%2Fwp%2Fv2%2Fcategories&post=327562"},{"taxonomy":"post_tag","embeddable":true,"href":"https:\/\/archive.sana.sy\/tr\/index.php?rest_route=%2Fwp%2Fv2%2Ftags&post=327562"}],"curies":[{"name":"wp","href":"https:\/\/api.w.org\/{rel}","templated":true}]}}