{"id":327565,"date":"2025-08-12T17:28:11","date_gmt":"2025-08-12T14:28:11","guid":{"rendered":"https:\/\/sana.sy\/tr\/?p=327565"},"modified":"2025-08-12T17:28:11","modified_gmt":"2025-08-12T14:28:11","slug":"suriye-ve-irak-firat-nehri-suyuna-iliskin-ortak-koordinasyonu-gorustu","status":"publish","type":"post","link":"https:\/\/archive.sana.sy\/tr\/?p=327565","title":{"rendered":"Suriye ve Irak, F\u0131rat Nehri Suyuna \u0130li\u015fkin Ortak Koordinasyonu G\u00f6r\u00fc\u015ft\u00fc"},"content":{"rendered":"<p style=\"text-align: justify;\" data-start=\"216\" data-end=\"541\"><span style=\"color: #ff0000;\"><strong>BA\u011eDAT (SANA)<\/strong> <\/span>&#8211; Suriye Enerji Bakan\u0131 M\u00fchendis Muhammed Be\u015fir ile Irak Su Kaynaklar\u0131 Bakan\u0131 Aun Ziyab Abdullah, F\u0131rat Nehri sular\u0131na ili\u015fkin iki \u00fclke aras\u0131ndaki ortak koordinasyonu ele ald\u0131. G\u00f6r\u00fc\u015fmede, nehirle ilgili meselelerin ele al\u0131naca\u011f\u0131 Suriye, Irak ve T\u00fcrkiye aras\u0131nda \u00fc\u00e7l\u00fc bir toplant\u0131 d\u00fczenlenmesi y\u00f6n\u00fcnde bir \u00f6neri de g\u00fcndeme geldi.<\/p>\n<p style=\"text-align: justify;\" data-start=\"543\" data-end=\"730\">Ba\u015fkent Ba\u011fdat\u2019ta bug\u00fcn ger\u00e7ekle\u015fen g\u00f6r\u00fc\u015fmede bakanlar, 1987 ve 1989 y\u0131llar\u0131nda imzalanan ve \u00fc\u00e7 \u00fclkenin F\u0131rat Nehri\u2019nden alaca\u011f\u0131 su miktar\u0131n\u0131 belirleyen su anla\u015fmalar\u0131n\u0131 da de\u011ferlendirdi.<\/p>\n<p style=\"text-align: justify;\" data-start=\"732\" data-end=\"1050\">Taraflar, Suriye\u2019nin kuzeyinde yer alan Cerablus\u2019taki \u00f6l\u00e7\u00fcm istasyonlar\u0131n\u0131 ziyaret etmek ve su \u00f6l\u00e7\u00fcmlerine kat\u0131lmak \u00fczere ortak teknik ekiplerin olu\u015fturulmas\u0131 konusunda mutabakata vard\u0131. Ayr\u0131ca, nehirle ilgili verilerin do\u011frulu\u011funu sa\u011flamak amac\u0131yla izleme cihazlar\u0131n\u0131n ve ekipmanlar\u0131n\u0131n g\u00fcncellenmesi kararla\u015ft\u0131r\u0131ld\u0131.<\/p>\n<p style=\"text-align: justify;\" data-start=\"1052\" data-end=\"1231\">Bakanlar ayr\u0131ca, uzmanl\u0131k al\u0131\u015fveri\u015fi, e\u011fitim, kapasite geli\u015ftirme alanlar\u0131nda i\u015f birli\u011finin yan\u0131 s\u0131ra s\u00fcrekli ileti\u015fim halinde olacak ortak bir teknik ekip kurulmas\u0131n\u0131 da g\u00f6r\u00fc\u015ft\u00fc.<\/p>\n<div id='gallery-1' class='gallery galleryid-327565 gallery-columns-2 gallery-size-medium'><figure class='gallery-item'>\n\t\t\t<div class='gallery-icon landscape'>\n\t\t\t\t<a href='https:\/\/archive.sana.sy\/tr\/?attachment_id=327567'><img loading=\"lazy\" decoding=\"async\" width=\"300\" height=\"200\" src=\"https:\/\/archive.sana.sy\/tr\/wp-content\/uploads\/2025\/08\/photo_2025-08-12_16-45-12-300x200.jpg\" class=\"attachment-medium size-medium\" alt=\"\" srcset=\"https:\/\/archive.sana.sy\/tr\/wp-content\/uploads\/2025\/08\/photo_2025-08-12_16-45-12-300x200.jpg 300w, https:\/\/archive.sana.sy\/tr\/wp-content\/uploads\/2025\/08\/photo_2025-08-12_16-45-12-1024x683.jpg 1024w, https:\/\/archive.sana.sy\/tr\/wp-content\/uploads\/2025\/08\/photo_2025-08-12_16-45-12-768x512.jpg 768w, https:\/\/archive.sana.sy\/tr\/wp-content\/uploads\/2025\/08\/photo_2025-08-12_16-45-12.jpg 1214w\" sizes=\"auto, (max-width: 300px) 100vw, 300px\" \/><\/a>\n\t\t\t<\/div><\/figure><figure class='gallery-item'>\n\t\t\t<div class='gallery-icon landscape'>\n\t\t\t\t<a href='https:\/\/archive.sana.sy\/tr\/?attachment_id=327568'><img loading=\"lazy\" decoding=\"async\" width=\"300\" height=\"200\" src=\"https:\/\/archive.sana.sy\/tr\/wp-content\/uploads\/2025\/08\/photo_2025-08-12_16-45-13-300x200.jpg\" class=\"attachment-medium size-medium\" alt=\"\" srcset=\"https:\/\/archive.sana.sy\/tr\/wp-content\/uploads\/2025\/08\/photo_2025-08-12_16-45-13-300x200.jpg 300w, https:\/\/archive.sana.sy\/tr\/wp-content\/uploads\/2025\/08\/photo_2025-08-12_16-45-13-1024x683.jpg 1024w, https:\/\/archive.sana.sy\/tr\/wp-content\/uploads\/2025\/08\/photo_2025-08-12_16-45-13-768x512.jpg 768w, https:\/\/archive.sana.sy\/tr\/wp-content\/uploads\/2025\/08\/photo_2025-08-12_16-45-13.jpg 1222w\" sizes=\"auto, (max-width: 300px) 100vw, 300px\" \/><\/a>\n\t\t\t<\/div><\/figure>\n\t\t<\/div>\n\n","protected":false},"excerpt":{"rendered":"<p>BA\u011eDAT (SANA) &#8211; Suriye Enerji Bakan\u0131 M\u00fchendis Muhammed Be\u015fir ile Irak Su Kaynaklar\u0131 Bakan\u0131 Aun Ziyab Abdullah, F\u0131rat Nehri sular\u0131na ili\u015fkin iki \u00fclke aras\u0131ndaki ortak koordinasyonu ele ald\u0131. G\u00f6r\u00fc\u015fmede, nehirle ilgili meselelerin ele al\u0131naca\u011f\u0131 Suriye, Irak ve T\u00fcrkiye aras\u0131nda \u00fc\u00e7l\u00fc bir toplant\u0131 d\u00fczenlenmesi y\u00f6n\u00fcnde bir \u00f6neri de g\u00fcndeme geldi. Ba\u015fkent Ba\u011fdat\u2019ta bug\u00fcn ger\u00e7ekle\u015fen g\u00f6r\u00fc\u015fmede bakanlar, &hellip;<\/p>\n","protected":false},"author":41,"featured_media":327566,"comment_status":"closed","ping_status":"closed","sticky":false,"template":"","format":"standard","meta":{"footnotes":""},"categories":[458,589,459,17988],"tags":[],"class_list":["post-327565","post","type-post","status-publish","format-standard","has-post-thumbnail","","category-dunya1","category-haber-seridi","category-haberler-arap-uluslararasi-politika","category-son-haberler"],"_links":{"self":[{"href":"https:\/\/archive.sana.sy\/tr\/index.php?rest_route=\/wp\/v2\/posts\/327565","targetHints":{"allow":["GET"]}}],"collection":[{"href":"https:\/\/archive.sana.sy\/tr\/index.php?rest_route=\/wp\/v2\/posts"}],"about":[{"href":"https:\/\/archive.sana.sy\/tr\/index.php?rest_route=\/wp\/v2\/types\/post"}],"author":[{"embeddable":true,"href":"https:\/\/archive.sana.sy\/tr\/index.php?rest_route=\/wp\/v2\/users\/41"}],"replies":[{"embeddable":true,"href":"https:\/\/archive.sana.sy\/tr\/index.php?rest_route=%2Fwp%2Fv2%2Fcomments&post=327565"}],"version-history":[{"count":1,"href":"https:\/\/archive.sana.sy\/tr\/index.php?rest_route=\/wp\/v2\/posts\/327565\/revisions"}],"predecessor-version":[{"id":327569,"href":"https:\/\/archive.sana.sy\/tr\/index.php?rest_route=\/wp\/v2\/posts\/327565\/revisions\/327569"}],"wp:featuredmedia":[{"embeddable":true,"href":"https:\/\/archive.sana.sy\/tr\/index.php?rest_route=\/wp\/v2\/media\/327566"}],"wp:attachment":[{"href":"https:\/\/archive.sana.sy\/tr\/index.php?rest_route=%2Fwp%2Fv2%2Fmedia&parent=327565"}],"wp:term":[{"taxonomy":"category","embeddable":true,"href":"https:\/\/archive.sana.sy\/tr\/index.php?rest_route=%2Fwp%2Fv2%2Fcategories&post=327565"},{"taxonomy":"post_tag","embeddable":true,"href":"https:\/\/archive.sana.sy\/tr\/index.php?rest_route=%2Fwp%2Fv2%2Ftags&post=327565"}],"curies":[{"name":"wp","href":"https:\/\/api.w.org\/{rel}","templated":true}]}}