{"id":327571,"date":"2025-08-12T18:22:14","date_gmt":"2025-08-12T15:22:14","guid":{"rendered":"https:\/\/sana.sy\/tr\/?p=327571"},"modified":"2025-08-12T18:22:14","modified_gmt":"2025-08-12T15:22:14","slug":"suveyda-valisi-gerekli-tum-ihtiyaclar-ilgili-bakanliklarla-koordineli-sekilde-karsilanacak","status":"publish","type":"post","link":"https:\/\/archive.sana.sy\/tr\/?p=327571","title":{"rendered":"S\u00fcveyda Valisi: Gerekli T\u00fcm \u0130htiya\u00e7lar \u0130lgili Bakanl\u0131klarla Koordineli \u015eekilde Kar\u015f\u0131lanacak"},"content":{"rendered":"<p style=\"text-align: justify;\" data-start=\"225\" data-end=\"571\"><strong><span style=\"color: #ff0000;\">S\u00dcVEYDA (SANA)<\/span> <\/strong>&#8211; S\u00fcveyda Valisi Mustafa El Bekkur, halk\u0131n hizmetlere eri\u015fimini kolayla\u015ft\u0131rmak ve bu hizmetlerin kesintisiz s\u00fcrd\u00fcr\u00fclmesini sa\u011flamak amac\u0131yla ilgili bakanl\u0131klarla i\u015f birli\u011fi i\u00e7inde bir \u00e7al\u0131\u015fma plan\u0131 olu\u015fturuldu\u011funu duyurdu. Plan kapsam\u0131nda, ildeki kurum ve m\u00fcd\u00fcrl\u00fcklerin ger\u00e7ek ihtiya\u00e7lar\u0131 belirlenerek en k\u0131sa s\u00fcrede temin edilmesi hedefleniyor.<\/p>\n<p style=\"text-align: justify;\" data-start=\"573\" data-end=\"997\">Dr. Bekur, bug\u00fcn yapt\u0131\u011f\u0131 a\u00e7\u0131klamada \u015fu ifadeleri kulland\u0131: \u201cHalk\u0131m\u0131z\u0131n hizmetlere kolayl\u0131kla ula\u015fabilmesi ve ihtiya\u00e7lar\u0131n\u0131n kar\u015f\u0131lanabilmesi amac\u0131yla, ilgili bakanl\u0131klarla koordinasyon halinde gerekli t\u00fcm ihtiya\u00e7lar temin edilecektir. Bu do\u011frultuda, S\u00fcveyda ilindeki kurum ve m\u00fcd\u00fcrl\u00fckler ihtiya\u00e7lar\u0131n\u0131 belirleyerek resmi yaz\u0131larla iletecek, b\u00f6ylece hizmetlerin etkin ve kesintisiz bir \u015fekilde ula\u015ft\u0131r\u0131lmas\u0131 sa\u011flanacakt\u0131r.\u201d<\/p>\n<p style=\"text-align: justify;\" data-start=\"999\" data-end=\"1348\">\u00d6te yandan, Suriye h\u00fck\u00fcmeti uluslararas\u0131 kurulu\u015flarla i\u015f birli\u011fi i\u00e7inde \u015fimdiye dek S\u00fcveyda iline yedi yard\u0131m konvoyu ula\u015ft\u0131rd\u0131. Binlerce ton insani, g\u0131da ve t\u0131bbi yard\u0131m ta\u015f\u0131yan bu konvoylar, son olaylardan etkilenen ya da yerinden edilen vatanda\u015flara, ister il merkezinde ister Dera il s\u0131n\u0131r\u0131na yak\u0131n b\u00f6lgelerde olsun, da\u011f\u0131t\u0131lmak \u00fczere g\u00f6nderildi.<\/p>\n","protected":false},"excerpt":{"rendered":"<p>S\u00dcVEYDA (SANA) &#8211; S\u00fcveyda Valisi Mustafa El Bekkur, halk\u0131n hizmetlere eri\u015fimini kolayla\u015ft\u0131rmak ve bu hizmetlerin kesintisiz s\u00fcrd\u00fcr\u00fclmesini sa\u011flamak amac\u0131yla ilgili bakanl\u0131klarla i\u015f birli\u011fi i\u00e7inde bir \u00e7al\u0131\u015fma plan\u0131 olu\u015fturuldu\u011funu duyurdu. Plan kapsam\u0131nda, ildeki kurum ve m\u00fcd\u00fcrl\u00fcklerin ger\u00e7ek ihtiya\u00e7lar\u0131 belirlenerek en k\u0131sa s\u00fcrede temin edilmesi hedefleniyor. Dr. Bekur, bug\u00fcn yapt\u0131\u011f\u0131 a\u00e7\u0131klamada \u015fu ifadeleri kulland\u0131: \u201cHalk\u0131m\u0131z\u0131n hizmetlere kolayl\u0131kla &hellip;<\/p>\n","protected":false},"author":41,"featured_media":327573,"comment_status":"closed","ping_status":"closed","sticky":false,"template":"","format":"standard","meta":{"footnotes":""},"categories":[458,589,459,17988],"tags":[],"class_list":["post-327571","post","type-post","status-publish","format-standard","has-post-thumbnail","","category-dunya1","category-haber-seridi","category-haberler-arap-uluslararasi-politika","category-son-haberler"],"_links":{"self":[{"href":"https:\/\/archive.sana.sy\/tr\/index.php?rest_route=\/wp\/v2\/posts\/327571","targetHints":{"allow":["GET"]}}],"collection":[{"href":"https:\/\/archive.sana.sy\/tr\/index.php?rest_route=\/wp\/v2\/posts"}],"about":[{"href":"https:\/\/archive.sana.sy\/tr\/index.php?rest_route=\/wp\/v2\/types\/post"}],"author":[{"embeddable":true,"href":"https:\/\/archive.sana.sy\/tr\/index.php?rest_route=\/wp\/v2\/users\/41"}],"replies":[{"embeddable":true,"href":"https:\/\/archive.sana.sy\/tr\/index.php?rest_route=%2Fwp%2Fv2%2Fcomments&post=327571"}],"version-history":[{"count":1,"href":"https:\/\/archive.sana.sy\/tr\/index.php?rest_route=\/wp\/v2\/posts\/327571\/revisions"}],"predecessor-version":[{"id":327574,"href":"https:\/\/archive.sana.sy\/tr\/index.php?rest_route=\/wp\/v2\/posts\/327571\/revisions\/327574"}],"wp:featuredmedia":[{"embeddable":true,"href":"https:\/\/archive.sana.sy\/tr\/index.php?rest_route=\/wp\/v2\/media\/327573"}],"wp:attachment":[{"href":"https:\/\/archive.sana.sy\/tr\/index.php?rest_route=%2Fwp%2Fv2%2Fmedia&parent=327571"}],"wp:term":[{"taxonomy":"category","embeddable":true,"href":"https:\/\/archive.sana.sy\/tr\/index.php?rest_route=%2Fwp%2Fv2%2Fcategories&post=327571"},{"taxonomy":"post_tag","embeddable":true,"href":"https:\/\/archive.sana.sy\/tr\/index.php?rest_route=%2Fwp%2Fv2%2Ftags&post=327571"}],"curies":[{"name":"wp","href":"https:\/\/api.w.org\/{rel}","templated":true}]}}