{"id":327575,"date":"2025-08-12T18:31:40","date_gmt":"2025-08-12T15:31:40","guid":{"rendered":"https:\/\/sana.sy\/tr\/?p=327575"},"modified":"2025-08-12T18:31:40","modified_gmt":"2025-08-12T15:31:40","slug":"urdun-krali-suriyenin-guvenligi-istikrari-ve-birligini-koruma-cabalarina-destegini-vurguladi","status":"publish","type":"post","link":"https:\/\/archive.sana.sy\/tr\/?p=327575","title":{"rendered":"\u00dcrd\u00fcn Kral\u0131, Suriye\u2019nin G\u00fcvenli\u011fi, \u0130stikrar\u0131 ve Birli\u011fini Koruma \u00c7abalar\u0131na Deste\u011fini Vurgulad\u0131"},"content":{"rendered":"<p style=\"text-align: justify;\"><span style=\"color: #ff0000;\"><strong>AMMAN <\/strong><\/span><strong><span style=\"color: #ff0000;\">(SANA)<\/span> &#8211; <\/strong>\u00a0\u00dcrd\u00fcn Kral\u0131 II. Abdullah, karde\u015f Suriye halk\u0131n\u0131n yan\u0131nda olduklar\u0131n\u0131 belirterek, \u00fclkenin g\u00fcvenli\u011fini, istikrar\u0131n\u0131, egemenli\u011fini ve toprak b\u00fct\u00fcnl\u00fc\u011f\u00fcn\u00fc koruma y\u00f6n\u00fcndeki \u00e7abalar\u0131na destek verdiklerini vurgulad\u0131.<\/p>\n<p style=\"text-align: justify;\">\u00dcrd\u00fcn Haber Ajans\u0131&#8217;n\u0131n aktard\u0131\u011f\u0131na g\u00f6re, Kral Abdullah, bug\u00fcn Suriye D\u0131\u015fi\u015fleri ve Gurbet\u00e7iler Bakan\u0131 Asaad Hasan <img loading=\"lazy\" decoding=\"async\" class=\"size-full wp-image-327577 alignright\" src=\"http:\/\/sana.sy\/tr\/wp-content\/uploads\/2025\/08\/\u0627\u0631\u062f\u0646-2-300x169-1.jpg\" alt=\"\" width=\"300\" height=\"169\" \/>El \u015eeybani ve ABD\u2019nin Suriye \u00d6zel Temsilcisi, ayn\u0131 zamanda ABD\u2019nin Ankara B\u00fcy\u00fckel\u00e7isi Thomas Barrack ile ayr\u0131 ayr\u0131 g\u00f6r\u00fc\u015fmeler ger\u00e7ekle\u015ftirdi. G\u00f6r\u00fc\u015fmelerde, Suriye\u2019deki son geli\u015fmeler ele al\u0131nd\u0131.<\/p>\n<p style=\"text-align: justify;\">Kral Abdullah, \u00dcrd\u00fcn\u2019\u00fcn t\u00fcm alanlarda sahip oldu\u011fu deneyimleri Suriye ile payla\u015fmaya haz\u0131r oldu\u011funu ifade ederek, bu deste\u011fin Suriye\u2019deki kurumlar\u0131n geli\u015ftirilmesine ve insan kayna\u011f\u0131n\u0131n g\u00fc\u00e7lendirilmesine katk\u0131 sa\u011flayaca\u011f\u0131n\u0131 belirtti.<\/p>\n<p style=\"text-align: justify;\">Kral Abdullah ayr\u0131ca, ter\u00f6rle m\u00fccadele ile silah ve uyu\u015fturucu ka\u00e7ak\u00e7\u0131l\u0131\u011f\u0131n\u0131n \u00f6nlenmesi konusunda i\u015f birli\u011finin art\u0131r\u0131lmas\u0131 gerekti\u011fine dikkat \u00e7ekti.<\/p>\n<p style=\"text-align: justify;\">G\u00f6r\u00fc\u015fmelere Veliaht Prens H\u00fcseyin bin Abdullah II ile Ba\u015fbakan Yard\u0131mc\u0131s\u0131 ve D\u0131\u015fi\u015fleri ile Gurbet\u00e7iler Bakan\u0131 Eymen \u00a0Safadi de kat\u0131ld\u0131.<\/p>\n<p style=\"text-align: justify;\">Ayn\u0131 g\u00fcn \u00dcrd\u00fcn Ha\u015fimi Krall\u0131\u011f\u0131 ev sahipli\u011finde, \u00dcrd\u00fcn-Suriye-Amerika \u00fc\u00e7l\u00fc ortak toplant\u0131s\u0131 d\u00fczenlendi. Toplant\u0131da, Suriye&#8217;deki mevcut durum ile \u00fclkenin g\u00fcvenli\u011fi, istikrar\u0131, egemenli\u011fi ve birli\u011fi temelinde yeniden in\u015fa s\u00fcrecine destek yollar\u0131 ele al\u0131nd\u0131. G\u00f6r\u00fc\u015fmede, Suriye\u2019nin i\u00e7 i\u015flerine m\u00fcdahale edilmeden, karde\u015f halk\u0131n\u0131n beklentilerini kar\u015f\u0131layan ve t\u00fcm Suriyelilerin haklar\u0131n\u0131 koruyan bir \u00e7\u00f6z\u00fcm\u00fcn gereklili\u011fi de vurguland\u0131.<\/p>\n<p style=\"text-align: justify;\">\n","protected":false},"excerpt":{"rendered":"<p>AMMAN (SANA) &#8211; \u00a0\u00dcrd\u00fcn Kral\u0131 II. Abdullah, karde\u015f Suriye halk\u0131n\u0131n yan\u0131nda olduklar\u0131n\u0131 belirterek, \u00fclkenin g\u00fcvenli\u011fini, istikrar\u0131n\u0131, egemenli\u011fini ve toprak b\u00fct\u00fcnl\u00fc\u011f\u00fcn\u00fc koruma y\u00f6n\u00fcndeki \u00e7abalar\u0131na destek verdiklerini vurgulad\u0131. \u00dcrd\u00fcn Haber Ajans\u0131&#8217;n\u0131n aktard\u0131\u011f\u0131na g\u00f6re, Kral Abdullah, bug\u00fcn Suriye D\u0131\u015fi\u015fleri ve Gurbet\u00e7iler Bakan\u0131 Asaad Hasan El \u015eeybani ve ABD\u2019nin Suriye \u00d6zel Temsilcisi, ayn\u0131 zamanda ABD\u2019nin Ankara B\u00fcy\u00fckel\u00e7isi Thomas Barrack &hellip;<\/p>\n","protected":false},"author":41,"featured_media":327576,"comment_status":"closed","ping_status":"closed","sticky":false,"template":"","format":"standard","meta":{"footnotes":""},"categories":[458,589,459,17988],"tags":[],"class_list":["post-327575","post","type-post","status-publish","format-standard","has-post-thumbnail","","category-dunya1","category-haber-seridi","category-haberler-arap-uluslararasi-politika","category-son-haberler"],"_links":{"self":[{"href":"https:\/\/archive.sana.sy\/tr\/index.php?rest_route=\/wp\/v2\/posts\/327575","targetHints":{"allow":["GET"]}}],"collection":[{"href":"https:\/\/archive.sana.sy\/tr\/index.php?rest_route=\/wp\/v2\/posts"}],"about":[{"href":"https:\/\/archive.sana.sy\/tr\/index.php?rest_route=\/wp\/v2\/types\/post"}],"author":[{"embeddable":true,"href":"https:\/\/archive.sana.sy\/tr\/index.php?rest_route=\/wp\/v2\/users\/41"}],"replies":[{"embeddable":true,"href":"https:\/\/archive.sana.sy\/tr\/index.php?rest_route=%2Fwp%2Fv2%2Fcomments&post=327575"}],"version-history":[{"count":1,"href":"https:\/\/archive.sana.sy\/tr\/index.php?rest_route=\/wp\/v2\/posts\/327575\/revisions"}],"predecessor-version":[{"id":327578,"href":"https:\/\/archive.sana.sy\/tr\/index.php?rest_route=\/wp\/v2\/posts\/327575\/revisions\/327578"}],"wp:featuredmedia":[{"embeddable":true,"href":"https:\/\/archive.sana.sy\/tr\/index.php?rest_route=\/wp\/v2\/media\/327576"}],"wp:attachment":[{"href":"https:\/\/archive.sana.sy\/tr\/index.php?rest_route=%2Fwp%2Fv2%2Fmedia&parent=327575"}],"wp:term":[{"taxonomy":"category","embeddable":true,"href":"https:\/\/archive.sana.sy\/tr\/index.php?rest_route=%2Fwp%2Fv2%2Fcategories&post=327575"},{"taxonomy":"post_tag","embeddable":true,"href":"https:\/\/archive.sana.sy\/tr\/index.php?rest_route=%2Fwp%2Fv2%2Ftags&post=327575"}],"curies":[{"name":"wp","href":"https:\/\/api.w.org\/{rel}","templated":true}]}}