{"id":327582,"date":"2025-08-12T18:56:29","date_gmt":"2025-08-12T15:56:29","guid":{"rendered":"https:\/\/sana.sy\/tr\/?p=327582"},"modified":"2025-08-12T18:56:29","modified_gmt":"2025-08-12T15:56:29","slug":"urdun-basbakani-suriye-hukumetine-guvenlik-ve-refahin-saglanmasi-icin-tam-destek-veriyoruz","status":"publish","type":"post","link":"https:\/\/archive.sana.sy\/tr\/?p=327582","title":{"rendered":"\u00dcrd\u00fcn Ba\u015fbakan\u0131: Suriye H\u00fck\u00fcmetine G\u00fcvenlik ve Refah\u0131n Sa\u011flanmas\u0131 \u0130\u00e7in Tam Destek Veriyoruz"},"content":{"rendered":"<p style=\"text-align: justify;\"><strong><span style=\"color: #ff0000;\">AMMAN (SANA)<\/span> &#8211; <\/strong>\u00a0\u00dcrd\u00fcn Ba\u015fbakan\u0131 Cafer Hasan, bug\u00fcn yapt\u0131\u011f\u0131 a\u00e7\u0131klamada, \u00dcrd\u00fcn&#8217;\u00fcn Suriye&#8217;de g\u00fcvenlik, istikrar ve refah\u0131n sa\u011flanmas\u0131 amac\u0131yla Suriye h\u00fck\u00fcmetine tam destek verdi\u011fini belirtti.<\/p>\n<p style=\"text-align: justify;\">\u00dcrd\u00fcn resmi haber ajans\u0131 PETRA&#8217;n\u0131n aktard\u0131\u011f\u0131na g\u00f6re, Hassan, Amman\u2019da M\u0131s\u0131r Ba\u015fbakan\u0131 Mustafa Madbuli ile yapt\u0131\u011f\u0131 g\u00f6r\u00fc\u015fmede, \u201c\u00dcrd\u00fcn, Suriyeli karde\u015flerimizle kar\u015f\u0131 kar\u015f\u0131ya olduklar\u0131 b\u00fcy\u00fck zorluklar\u0131n \u00fcstesinden gelmeleri i\u00e7in \u00e7e\u015fitli alanlarda i\u015f birli\u011fi yapmaktad\u0131r,\u201d dedi.<\/p>\n<p style=\"text-align: justify;\">\u00d6te yandan, \u00dcrd\u00fcn Ba\u015fbakan\u0131, iki karde\u015f \u00fclke a\u00e7\u0131s\u0131ndan b\u00f6lgesel zorluklar\u0131n ortak oldu\u011funa dikkat \u00e7ekerek, ba\u015fta Filistin meselesi ve \u0130srail\u2019in Gazze \u015eeridi&#8217;ne kar\u015f\u0131 y\u00fcr\u00fctt\u00fc\u011f\u00fc vah\u015fi sava\u015f\u0131n bu zorluklar\u0131n ba\u015f\u0131nda geldi\u011fini vurgulad\u0131.<\/p>\n<p style=\"text-align: justify;\">Bu ba\u011flamda, \u00dcrd\u00fcn ve M\u0131s\u0131r taraflar\u0131, \u0130srail\u2019in Gazze\u2019ye y\u00f6nelik y\u00fcr\u00fctt\u00fc\u011f\u00fc vah\u015fi sava\u015f\u0131n sona erdirilmesi ve insani yard\u0131mlar\u0131n ula\u015ft\u0131r\u0131lmas\u0131n\u0131n sa\u011flanmas\u0131 i\u00e7in \u00e7abalar\u0131n yo\u011funla\u015ft\u0131r\u0131lmas\u0131 gerekti\u011finin alt\u0131n\u0131 \u00e7izdi.<\/p>\n","protected":false},"excerpt":{"rendered":"<p>AMMAN (SANA) &#8211; \u00a0\u00dcrd\u00fcn Ba\u015fbakan\u0131 Cafer Hasan, bug\u00fcn yapt\u0131\u011f\u0131 a\u00e7\u0131klamada, \u00dcrd\u00fcn&#8217;\u00fcn Suriye&#8217;de g\u00fcvenlik, istikrar ve refah\u0131n sa\u011flanmas\u0131 amac\u0131yla Suriye h\u00fck\u00fcmetine tam destek verdi\u011fini belirtti. \u00dcrd\u00fcn resmi haber ajans\u0131 PETRA&#8217;n\u0131n aktard\u0131\u011f\u0131na g\u00f6re, Hassan, Amman\u2019da M\u0131s\u0131r Ba\u015fbakan\u0131 Mustafa Madbuli ile yapt\u0131\u011f\u0131 g\u00f6r\u00fc\u015fmede, \u201c\u00dcrd\u00fcn, Suriyeli karde\u015flerimizle kar\u015f\u0131 kar\u015f\u0131ya olduklar\u0131 b\u00fcy\u00fck zorluklar\u0131n \u00fcstesinden gelmeleri i\u00e7in \u00e7e\u015fitli alanlarda i\u015f birli\u011fi &hellip;<\/p>\n","protected":false},"author":41,"featured_media":327583,"comment_status":"closed","ping_status":"closed","sticky":false,"template":"","format":"standard","meta":{"footnotes":""},"categories":[458,589,459,17988],"tags":[],"class_list":["post-327582","post","type-post","status-publish","format-standard","has-post-thumbnail","","category-dunya1","category-haber-seridi","category-haberler-arap-uluslararasi-politika","category-son-haberler"],"_links":{"self":[{"href":"https:\/\/archive.sana.sy\/tr\/index.php?rest_route=\/wp\/v2\/posts\/327582","targetHints":{"allow":["GET"]}}],"collection":[{"href":"https:\/\/archive.sana.sy\/tr\/index.php?rest_route=\/wp\/v2\/posts"}],"about":[{"href":"https:\/\/archive.sana.sy\/tr\/index.php?rest_route=\/wp\/v2\/types\/post"}],"author":[{"embeddable":true,"href":"https:\/\/archive.sana.sy\/tr\/index.php?rest_route=\/wp\/v2\/users\/41"}],"replies":[{"embeddable":true,"href":"https:\/\/archive.sana.sy\/tr\/index.php?rest_route=%2Fwp%2Fv2%2Fcomments&post=327582"}],"version-history":[{"count":1,"href":"https:\/\/archive.sana.sy\/tr\/index.php?rest_route=\/wp\/v2\/posts\/327582\/revisions"}],"predecessor-version":[{"id":327584,"href":"https:\/\/archive.sana.sy\/tr\/index.php?rest_route=\/wp\/v2\/posts\/327582\/revisions\/327584"}],"wp:featuredmedia":[{"embeddable":true,"href":"https:\/\/archive.sana.sy\/tr\/index.php?rest_route=\/wp\/v2\/media\/327583"}],"wp:attachment":[{"href":"https:\/\/archive.sana.sy\/tr\/index.php?rest_route=%2Fwp%2Fv2%2Fmedia&parent=327582"}],"wp:term":[{"taxonomy":"category","embeddable":true,"href":"https:\/\/archive.sana.sy\/tr\/index.php?rest_route=%2Fwp%2Fv2%2Fcategories&post=327582"},{"taxonomy":"post_tag","embeddable":true,"href":"https:\/\/archive.sana.sy\/tr\/index.php?rest_route=%2Fwp%2Fv2%2Ftags&post=327582"}],"curies":[{"name":"wp","href":"https:\/\/api.w.org\/{rel}","templated":true}]}}