{"id":327585,"date":"2025-08-12T20:54:35","date_gmt":"2025-08-12T17:54:35","guid":{"rendered":"https:\/\/sana.sy\/tr\/?p=327585"},"modified":"2025-08-12T20:54:35","modified_gmt":"2025-08-12T17:54:35","slug":"enformasyon-bakani-devlet-medyasinin-yeni-yol-haritasini-sundi","status":"publish","type":"post","link":"https:\/\/archive.sana.sy\/tr\/?p=327585","title":{"rendered":"Enformasyon Bakan\u0131, Devlet Medyas\u0131n\u0131n Yeni Yol Haritas\u0131n\u0131 Sund\u0131"},"content":{"rendered":"<p style=\"text-align: justify;\"><span style=\"color: #ff0000;\"><strong>\u015eAM (SANA) &#8211;<\/strong><\/span> Enformasyon Bakan\u0131 Hamza El Mustafa, bug\u00fcn bakanl\u0131klardaki ve kamu kurumlar\u0131ndaki medya birimlerinin y\u00f6neticileriyle yapt\u0131\u011f\u0131 toplant\u0131da, devlet medyas\u0131n\u0131n geli\u015ftirilmesine y\u00f6nelik yeni bir yol haritas\u0131n\u0131 sundu.<img loading=\"lazy\" decoding=\"async\" class=\" wp-image-327588 alignright\" src=\"http:\/\/sana.sy\/tr\/wp-content\/uploads\/2025\/08\/photo_2025-08-12_20-22-17-300x200-1.jpg\" alt=\"\" width=\"279\" height=\"186\" \/><\/p>\n<p style=\"text-align: justify;\">Bakanl\u0131kta ger\u00e7ekle\u015fen toplant\u0131da Bakan El Mustafa, medya birimlerinin \u00e7al\u0131\u015fmalar\u0131na dair genel direktiflere verdi. Bakan, ilgili bakanl\u0131\u011f\u0131n karar alma s\u00fcrecinde medya ofisinin aktif bir rol oynamas\u0131n\u0131n \u00f6nemini vurgulayarak, medya biriminin politika ve kararlar\u0131n toplum \u00fczerindeki etkilerini \u00f6nceden de\u011ferlendirmesi, eksiklikleri tespit etmesi ve kamuoyunu me\u015fgul eden konulara anl\u0131k tepki vermesi gerekti\u011fini belirtti.<\/p>\n<p style=\"text-align: justify;\">Bakan El Mustafa, vatanda\u015flarla do\u011frudan ileti\u015fimin g\u00fc\u00e7lendirilmesi ve ulusal bir medya s\u00f6yleminin olu\u015fturulmas\u0131n\u0131n zorunlulu\u011funu da vurgulad\u0131. Devlet medyas\u0131n\u0131n ba\u015far\u0131l\u0131 olmas\u0131n\u0131n sa\u011flanmas\u0131n\u0131n, mevcut d\u00f6nemde Bas\u0131n Bakanl\u0131\u011f\u0131 i\u00e7in \u00f6ncelikli bir g\u00f6rev oldu\u011funu ifade etti.<\/p>\n<div id='gallery-1' class='gallery galleryid-327585 gallery-columns-3 gallery-size-thumbnail'><figure class='gallery-item'>\n\t\t\t<div class='gallery-icon landscape'>\n\t\t\t\t<a href='https:\/\/archive.sana.sy\/tr\/?attachment_id=327589'><img loading=\"lazy\" decoding=\"async\" width=\"150\" height=\"150\" src=\"https:\/\/archive.sana.sy\/tr\/wp-content\/uploads\/2025\/08\/photo_2025-08-12_20-22-10-768x512-2-150x150.jpg\" class=\"attachment-thumbnail size-thumbnail\" alt=\"\" \/><\/a>\n\t\t\t<\/div><\/figure><figure class='gallery-item'>\n\t\t\t<div class='gallery-icon landscape'>\n\t\t\t\t<a href='https:\/\/archive.sana.sy\/tr\/?attachment_id=327590'><img loading=\"lazy\" decoding=\"async\" width=\"150\" height=\"150\" src=\"https:\/\/archive.sana.sy\/tr\/wp-content\/uploads\/2025\/08\/photo_2025-08-12_20-22-13-768x512-1-150x150.jpg\" class=\"attachment-thumbnail size-thumbnail\" alt=\"\" \/><\/a>\n\t\t\t<\/div><\/figure><figure class='gallery-item'>\n\t\t\t<div class='gallery-icon landscape'>\n\t\t\t\t<a href='https:\/\/archive.sana.sy\/tr\/?attachment_id=327591'><img loading=\"lazy\" decoding=\"async\" width=\"150\" height=\"150\" src=\"https:\/\/archive.sana.sy\/tr\/wp-content\/uploads\/2025\/08\/photo_2025-08-12_20-22-15-768x512-1-150x150.jpg\" class=\"attachment-thumbnail size-thumbnail\" alt=\"\" \/><\/a>\n\t\t\t<\/div><\/figure>\n\t\t<\/div>\n\n","protected":false},"excerpt":{"rendered":"<p>\u015eAM (SANA) &#8211; Enformasyon Bakan\u0131 Hamza El Mustafa, bug\u00fcn bakanl\u0131klardaki ve kamu kurumlar\u0131ndaki medya birimlerinin y\u00f6neticileriyle yapt\u0131\u011f\u0131 toplant\u0131da, devlet medyas\u0131n\u0131n geli\u015ftirilmesine y\u00f6nelik yeni bir yol haritas\u0131n\u0131 sundu. Bakanl\u0131kta ger\u00e7ekle\u015fen toplant\u0131da Bakan El Mustafa, medya birimlerinin \u00e7al\u0131\u015fmalar\u0131na dair genel direktiflere verdi. Bakan, ilgili bakanl\u0131\u011f\u0131n karar alma s\u00fcrecinde medya ofisinin aktif bir rol oynamas\u0131n\u0131n \u00f6nemini vurgulayarak, medya &hellip;<\/p>\n","protected":false},"author":41,"featured_media":327586,"comment_status":"closed","ping_status":"closed","sticky":false,"template":"","format":"standard","meta":{"footnotes":""},"categories":[589,479,17988,478],"tags":[],"class_list":["post-327585","post","type-post","status-publish","format-standard","has-post-thumbnail","","category-haber-seridi","category-haberler-yerel","category-son-haberler","category-yerel"],"_links":{"self":[{"href":"https:\/\/archive.sana.sy\/tr\/index.php?rest_route=\/wp\/v2\/posts\/327585","targetHints":{"allow":["GET"]}}],"collection":[{"href":"https:\/\/archive.sana.sy\/tr\/index.php?rest_route=\/wp\/v2\/posts"}],"about":[{"href":"https:\/\/archive.sana.sy\/tr\/index.php?rest_route=\/wp\/v2\/types\/post"}],"author":[{"embeddable":true,"href":"https:\/\/archive.sana.sy\/tr\/index.php?rest_route=\/wp\/v2\/users\/41"}],"replies":[{"embeddable":true,"href":"https:\/\/archive.sana.sy\/tr\/index.php?rest_route=%2Fwp%2Fv2%2Fcomments&post=327585"}],"version-history":[{"count":1,"href":"https:\/\/archive.sana.sy\/tr\/index.php?rest_route=\/wp\/v2\/posts\/327585\/revisions"}],"predecessor-version":[{"id":327592,"href":"https:\/\/archive.sana.sy\/tr\/index.php?rest_route=\/wp\/v2\/posts\/327585\/revisions\/327592"}],"wp:featuredmedia":[{"embeddable":true,"href":"https:\/\/archive.sana.sy\/tr\/index.php?rest_route=\/wp\/v2\/media\/327586"}],"wp:attachment":[{"href":"https:\/\/archive.sana.sy\/tr\/index.php?rest_route=%2Fwp%2Fv2%2Fmedia&parent=327585"}],"wp:term":[{"taxonomy":"category","embeddable":true,"href":"https:\/\/archive.sana.sy\/tr\/index.php?rest_route=%2Fwp%2Fv2%2Fcategories&post=327585"},{"taxonomy":"post_tag","embeddable":true,"href":"https:\/\/archive.sana.sy\/tr\/index.php?rest_route=%2Fwp%2Fv2%2Ftags&post=327585"}],"curies":[{"name":"wp","href":"https:\/\/api.w.org\/{rel}","templated":true}]}}