{"id":327593,"date":"2025-08-13T08:35:12","date_gmt":"2025-08-13T05:35:12","guid":{"rendered":"https:\/\/sana.sy\/tr\/?p=327593"},"modified":"2025-08-14T10:22:33","modified_gmt":"2025-08-14T07:22:33","slug":"bakan-el-seybani-suriye-hukumetinin-suveydanin-tum-bilesenlerini-koruma-taahhudunu-teyit-etti","status":"publish","type":"post","link":"https:\/\/archive.sana.sy\/tr\/?p=327593","title":{"rendered":"Bakan El \u015eeybani, Suriye H\u00fck\u00fcmetinin S\u00fcveyda&#8217;n\u0131n T\u00fcm Bile\u015fenlerini Koruma Taahh\u00fcd\u00fcn\u00fc Teyit Etti"},"content":{"rendered":"<p style=\"text-align: justify;\"><span style=\"color: #ff0000;\"><strong>\u015eAM (SANA) &#8211;<\/strong><\/span> D\u0131\u015fi\u015fleri ve Gurbet\u00e7iler Bakan\u0131 Asaad Hasan El \u015eeybani, Suriye h\u00fck\u00fcmetinin S\u00fcveyda Valili\u011fi&#8217;ndeki t\u00fcm topluluklar\u0131 koruma, mezhep\u00e7i veya k\u0131\u015fk\u0131rt\u0131c\u0131 s\u00f6ylemlere kar\u015f\u0131 \u00e7\u0131kma ve partiye bak\u0131lmaks\u0131z\u0131n t\u00fcm ihlal faillerini sorumlu tutma taahh\u00fcd\u00fcn\u00fc teyit ederken, Suriye&#8217;nin gelece\u011finin ancak diyalog, adalet, \u00e7o\u011fulculu\u011fa sayg\u0131 ve ayr\u0131mc\u0131l\u0131k yap\u0131lmaks\u0131z\u0131n t\u00fcm Suriyeliler i\u00e7in kapsaml\u0131 bir ulusal uzla\u015f\u0131 yoluyla in\u015fa edilebilece\u011fini belirtti.<\/p>\n<p style=\"text-align: justify;\">Bakan El \u015eeybani, bug\u00fcn Amman&#8217;da d\u00fczenlenen Suriye-ABD-\u00dcrd\u00fcn g\u00f6r\u00fc\u015fmesine kat\u0131ld\u0131ktan sonra (X) platformu \u00fczerinden yapt\u0131\u011f\u0131 tweette, &#8220;Majesteleri Kral II. Abdullah ve Kraliyet Altesleri Prens II. H\u00fcseyin bin Abdullah&#8217;a, bizi c\u00f6mert\u00e7e a\u011f\u0131rlad\u0131klar\u0131, Suriye&#8217;nin gelece\u011fi hakk\u0131nda samimi g\u00f6r\u00fc\u015fmeler yapt\u0131klar\u0131 ve b\u00f6lgemizdeki g\u00fcvenlik ve istikrar\u0131 tehdit eden her t\u00fcrl\u00fc \u00e7abay\u0131 reddeden kararl\u0131 duru\u015flar\u0131 i\u00e7in i\u00e7ten te\u015fekk\u00fcrlerimi ve takdirlerimi sunuyorum&#8221; dedi.<\/p>\n<p style=\"text-align: justify;\">Bakan El-\u015eeybani, &#8220;Bug\u00fcn ger\u00e7ekle\u015ftirdi\u011fimiz yap\u0131c\u0131 ve \u015feffaf toplant\u0131 i\u00e7in karde\u015fim, Say\u0131n Bakan Ayman Safadi ve Say\u0131n ABD \u00d6zel Temsilcisi Thomas Barrack&#8217;a te\u015fekk\u00fcr ediyorum. Toplant\u0131da, bu kritik a\u015famada kar\u015f\u0131 kar\u015f\u0131ya oldu\u011fumuz Suriye zorluklar\u0131n\u0131n ger\u00e7ekli\u011fi ele al\u0131nd\u0131&#8221; dedi.<\/p>\n<p style=\"text-align: justify;\">Bakan El \u015eeybani, &#8220;S\u00fcveyda\u2019daki t\u00fcm halk\u0131m\u0131z\u0131 D\u00fcrziler, Bedeviler ve Hristiyanlar ba\u015fta olmak \u00fczere halk\u0131m\u0131z\u0131 koruma taahh\u00fcd\u00fcm\u00fcz\u00fc yineliyoruz. Herhangi bir taraf\u0131n yayd\u0131\u011f\u0131 mezhep\u00e7i veya tahrik edici s\u00f6ylemlere kararl\u0131 \u015fekilde kar\u015f\u0131 \u00e7\u0131kman\u0131n gereklili\u011fini vurguluyoruz&#8221; dedi.<\/p>\n<p style=\"text-align: justify;\">D\u0131\u015fi\u015fleri ve Gurbet\u00e7iler Bakan\u0131: &#8220;D\u00fcrzi halk\u0131m\u0131z Suriye&#8217;nin ayr\u0131lmaz bir par\u00e7as\u0131d\u0131r ve kendilerine \u00f6zg\u00fc tarihi ve ulusal stat\u00fcleri vard\u0131r. Onlar\u0131 herhangi bir bahane veya ko\u015ful alt\u0131nda \u00f6tekile\u015ftirme veya d\u0131\u015flama giri\u015fimlerini kesinlikle reddediyoruz&#8221; dedi.<\/p>\n<p style=\"text-align: justify;\">Bakan El \u015eeybani ayr\u0131ca, &#8220;Suriye h\u00fck\u00fcmeti, S\u00fcveyda&#8217;daki halk\u0131m\u0131za yard\u0131m g\u00f6ndermeye ve hizmetlerin yeniden sa\u011flanmas\u0131, uzla\u015f\u0131n\u0131n te\u015fvik edilmesi ve devletle aradaki u\u00e7urumun kapat\u0131lmas\u0131n\u0131 ama\u00e7layan giri\u015fimleri desteklemeye devam etmeye haz\u0131r oldu\u011funu teyit ediyor&#8221; dedi.<\/p>\n<p style=\"text-align: justify;\">D\u0131\u015fi\u015fleri ve Gurbet\u00e7iler Bakan\u0131: &#8220;Adaletin hesap verebilirlikle ba\u015flad\u0131\u011f\u0131n\u0131 bir kez daha vurguluyor ve hangi partiden olursa olsun ihlallerde bulunan herkesin hesap vermesini sa\u011flamaya kararl\u0131y\u0131z \u00e7\u00fcnk\u00fc hesap verebilirlik, hukuk ve adalete giden en iyi yoldur&#8221; dedi.<\/p>\n<p style=\"text-align: justify;\">Bakan, s\u00f6zlerini \u015f\u00f6yle tamamlad\u0131: &#8220;Suriye&#8217;nin gelece\u011finin ancak t\u00fcm Suriyeliler i\u00e7in ayr\u0131mc\u0131l\u0131k yap\u0131lmaks\u0131z\u0131n diyalog, adalet, \u00e7o\u011fulculu\u011fa sayg\u0131 ve kapsaml\u0131 ulusal uzla\u015f\u0131 yoluyla in\u015fa edilebilece\u011fine inan\u0131yoruz&#8221;<\/p>\n","protected":false},"excerpt":{"rendered":"<p>\u015eAM (SANA) &#8211; D\u0131\u015fi\u015fleri ve Gurbet\u00e7iler Bakan\u0131 Asaad Hasan El \u015eeybani, Suriye h\u00fck\u00fcmetinin S\u00fcveyda Valili\u011fi&#8217;ndeki t\u00fcm topluluklar\u0131 koruma, mezhep\u00e7i veya k\u0131\u015fk\u0131rt\u0131c\u0131 s\u00f6ylemlere kar\u015f\u0131 \u00e7\u0131kma ve partiye bak\u0131lmaks\u0131z\u0131n t\u00fcm ihlal faillerini sorumlu tutma taahh\u00fcd\u00fcn\u00fc teyit ederken, Suriye&#8217;nin gelece\u011finin ancak diyalog, adalet, \u00e7o\u011fulculu\u011fa sayg\u0131 ve ayr\u0131mc\u0131l\u0131k yap\u0131lmaks\u0131z\u0131n t\u00fcm Suriyeliler i\u00e7in kapsaml\u0131 bir ulusal uzla\u015f\u0131 yoluyla in\u015fa edilebilece\u011fini &hellip;<\/p>\n","protected":false},"author":36,"featured_media":327594,"comment_status":"closed","ping_status":"closed","sticky":false,"template":"","format":"standard","meta":{"footnotes":""},"categories":[479,478],"tags":[],"class_list":["post-327593","post","type-post","status-publish","format-standard","has-post-thumbnail","","category-haberler-yerel","category-yerel"],"_links":{"self":[{"href":"https:\/\/archive.sana.sy\/tr\/index.php?rest_route=\/wp\/v2\/posts\/327593","targetHints":{"allow":["GET"]}}],"collection":[{"href":"https:\/\/archive.sana.sy\/tr\/index.php?rest_route=\/wp\/v2\/posts"}],"about":[{"href":"https:\/\/archive.sana.sy\/tr\/index.php?rest_route=\/wp\/v2\/types\/post"}],"author":[{"embeddable":true,"href":"https:\/\/archive.sana.sy\/tr\/index.php?rest_route=\/wp\/v2\/users\/36"}],"replies":[{"embeddable":true,"href":"https:\/\/archive.sana.sy\/tr\/index.php?rest_route=%2Fwp%2Fv2%2Fcomments&post=327593"}],"version-history":[{"count":1,"href":"https:\/\/archive.sana.sy\/tr\/index.php?rest_route=\/wp\/v2\/posts\/327593\/revisions"}],"predecessor-version":[{"id":327595,"href":"https:\/\/archive.sana.sy\/tr\/index.php?rest_route=\/wp\/v2\/posts\/327593\/revisions\/327595"}],"wp:featuredmedia":[{"embeddable":true,"href":"https:\/\/archive.sana.sy\/tr\/index.php?rest_route=\/wp\/v2\/media\/327594"}],"wp:attachment":[{"href":"https:\/\/archive.sana.sy\/tr\/index.php?rest_route=%2Fwp%2Fv2%2Fmedia&parent=327593"}],"wp:term":[{"taxonomy":"category","embeddable":true,"href":"https:\/\/archive.sana.sy\/tr\/index.php?rest_route=%2Fwp%2Fv2%2Fcategories&post=327593"},{"taxonomy":"post_tag","embeddable":true,"href":"https:\/\/archive.sana.sy\/tr\/index.php?rest_route=%2Fwp%2Fv2%2Ftags&post=327593"}],"curies":[{"name":"wp","href":"https:\/\/api.w.org\/{rel}","templated":true}]}}