{"id":327596,"date":"2025-08-13T11:06:51","date_gmt":"2025-08-13T08:06:51","guid":{"rendered":"https:\/\/sana.sy\/tr\/?p=327596"},"modified":"2025-08-13T16:04:43","modified_gmt":"2025-08-13T13:04:43","slug":"disisleri-ve-gurbetciler-ve-savunma-bakanlari-ile-istihbarat-baskani-turkiyeye-resmi-ziyarette-bulunuyor","status":"publish","type":"post","link":"https:\/\/archive.sana.sy\/tr\/?p=327596","title":{"rendered":"D\u0131\u015fi\u015fleri ve Savunma Bakanlar\u0131 ile \u0130stihbarat Ba\u015fkan\u0131 T\u00fcrkiye&#8217;ye Resmi Ziyarette Bulunuyor"},"content":{"rendered":"<p style=\"text-align: justify;\"><span style=\"color: #ff0000;\"><strong>ANKARA (SANA) &#8211;<\/strong><\/span> D\u0131\u015fi\u015fleri ve Gurbet\u00e7iler Bakan\u0131 Asad Hasan El \u015eeybani, Savunma Bakan\u0131 T\u00fcmgeneral M\u00fchendis Murhaf Ebu Kasra ve \u0130stihbarat Servisi Ba\u015fkan\u0131 H\u00fcseyin El Salame, T\u00fcrk yetkililerle g\u00f6r\u00fc\u015fmek \u00fczere bug\u00fcn T\u00fcrkiye&#8217;nin ba\u015fkenti Ankara&#8217;ya geldi.<\/p>\n<p style=\"text-align: justify;\">G\u00f6r\u00fc\u015fmelerde, Suriye ile T\u00fcrkiye aras\u0131nda \u00e7e\u015fitli alanlarda i\u015fbirli\u011finin art\u0131r\u0131lmas\u0131, ortak tehditlerin incelenmesi, s\u0131n\u0131r g\u00fcvenli\u011fi, anla\u015fmalar\u0131n uygulanmas\u0131n\u0131n izlenmesi ve iki \u00fclke aras\u0131ndaki ekonomik yat\u0131r\u0131mlar\u0131n geli\u015ftirilmesi konular\u0131 ele al\u0131nd\u0131.<\/p>\n<p style=\"text-align: justify;\">Bu ziyaret, T\u00fcrkiye D\u0131\u015fi\u015fleri Bakan\u0131&#8217;n\u0131n \u015eam&#8217;\u0131 ziyaret edip Cumhurba\u015fkan\u0131 Ahmed El \u015eara ve D\u0131\u015fi\u015fleri Bakan\u0131 ile g\u00f6r\u00fc\u015fmesinden bir hafta sonra ger\u00e7ekle\u015fiyor.<\/p>\n<p style=\"text-align: justify;\">Ziyareti s\u0131ras\u0131nda T\u00fcrkiye D\u0131\u015fi\u015fleri Bakan\u0131, \u00fclkesinin Suriye&#8217;ye deste\u011fini teyit etti ve uluslararas\u0131 toplumu, \u0130srail i\u015fgalinin sald\u0131rgan politikalar\u0131n\u0131 frenleme ve Suriye topraklar\u0131na y\u00f6nelik sald\u0131r\u0131lar\u0131n\u0131 durdurma konusunda sorumluluk almaya \u00e7a\u011f\u0131rd\u0131.<\/p>\n","protected":false},"excerpt":{"rendered":"<p>ANKARA (SANA) &#8211; D\u0131\u015fi\u015fleri ve Gurbet\u00e7iler Bakan\u0131 Asad Hasan El \u015eeybani, Savunma Bakan\u0131 T\u00fcmgeneral M\u00fchendis Murhaf Ebu Kasra ve \u0130stihbarat Servisi Ba\u015fkan\u0131 H\u00fcseyin El Salame, T\u00fcrk yetkililerle g\u00f6r\u00fc\u015fmek \u00fczere bug\u00fcn T\u00fcrkiye&#8217;nin ba\u015fkenti Ankara&#8217;ya geldi. G\u00f6r\u00fc\u015fmelerde, Suriye ile T\u00fcrkiye aras\u0131nda \u00e7e\u015fitli alanlarda i\u015fbirli\u011finin art\u0131r\u0131lmas\u0131, ortak tehditlerin incelenmesi, s\u0131n\u0131r g\u00fcvenli\u011fi, anla\u015fmalar\u0131n uygulanmas\u0131n\u0131n izlenmesi ve iki \u00fclke aras\u0131ndaki &hellip;<\/p>\n","protected":false},"author":36,"featured_media":327598,"comment_status":"closed","ping_status":"closed","sticky":false,"template":"","format":"standard","meta":{"footnotes":""},"categories":[458,589,459,17988],"tags":[],"class_list":["post-327596","post","type-post","status-publish","format-standard","has-post-thumbnail","","category-dunya1","category-haber-seridi","category-haberler-arap-uluslararasi-politika","category-son-haberler"],"_links":{"self":[{"href":"https:\/\/archive.sana.sy\/tr\/index.php?rest_route=\/wp\/v2\/posts\/327596","targetHints":{"allow":["GET"]}}],"collection":[{"href":"https:\/\/archive.sana.sy\/tr\/index.php?rest_route=\/wp\/v2\/posts"}],"about":[{"href":"https:\/\/archive.sana.sy\/tr\/index.php?rest_route=\/wp\/v2\/types\/post"}],"author":[{"embeddable":true,"href":"https:\/\/archive.sana.sy\/tr\/index.php?rest_route=\/wp\/v2\/users\/36"}],"replies":[{"embeddable":true,"href":"https:\/\/archive.sana.sy\/tr\/index.php?rest_route=%2Fwp%2Fv2%2Fcomments&post=327596"}],"version-history":[{"count":5,"href":"https:\/\/archive.sana.sy\/tr\/index.php?rest_route=\/wp\/v2\/posts\/327596\/revisions"}],"predecessor-version":[{"id":327643,"href":"https:\/\/archive.sana.sy\/tr\/index.php?rest_route=\/wp\/v2\/posts\/327596\/revisions\/327643"}],"wp:featuredmedia":[{"embeddable":true,"href":"https:\/\/archive.sana.sy\/tr\/index.php?rest_route=\/wp\/v2\/media\/327598"}],"wp:attachment":[{"href":"https:\/\/archive.sana.sy\/tr\/index.php?rest_route=%2Fwp%2Fv2%2Fmedia&parent=327596"}],"wp:term":[{"taxonomy":"category","embeddable":true,"href":"https:\/\/archive.sana.sy\/tr\/index.php?rest_route=%2Fwp%2Fv2%2Fcategories&post=327596"},{"taxonomy":"post_tag","embeddable":true,"href":"https:\/\/archive.sana.sy\/tr\/index.php?rest_route=%2Fwp%2Fv2%2Ftags&post=327596"}],"curies":[{"name":"wp","href":"https:\/\/api.w.org\/{rel}","templated":true}]}}