{"id":327601,"date":"2025-08-13T11:56:17","date_gmt":"2025-08-13T08:56:17","guid":{"rendered":"https:\/\/sana.sy\/tr\/?p=327601"},"modified":"2025-08-15T13:33:44","modified_gmt":"2025-08-15T10:33:44","slug":"disisleri-ve-gurbetciler-ve-savunma-bakanlari-ile-mit-baskani-turk-disisleri-bakani-ile-ankaradaki-bir-araya-geldiler","status":"publish","type":"post","link":"https:\/\/archive.sana.sy\/tr\/?p=327601","title":{"rendered":"D\u0131\u015fi\u015fleri ve Savunma Bakanlar\u0131 ile M\u0130T Ba\u015fkan\u0131, T\u00fcrk D\u0131\u015fi\u015fleri Bakan\u0131 \u0130le Ankara&#8217;daki Bir Araya Geldiler"},"content":{"rendered":"<p style=\"text-align: justify;\"><span style=\"color: #ff0000;\"><strong>ANKARA (SANA) &#8211;<\/strong><\/span> D\u0131\u015fi\u015fleri ve Gurbet\u00e7iler Bakan\u0131 Asaad Hasan El \u015eeybani, Savunma Bakan\u0131 T\u00fcmgeneral M\u00fchendis Murhaf Ebu Kasra ve \u0130stihbarat Servisi Ba\u015fkan\u0131 H\u00fcseyin Salame, kar\u015f\u0131l\u0131kl\u0131 ilgi duyulan konularda g\u00f6r\u00fc\u015fmelerde bulunmak \u00fczere Ankara&#8217;daki T\u00fcrk D\u0131\u015fi\u015fleri Bakanl\u0131\u011f\u0131&#8217;nda T\u00fcrk D\u0131\u015fi\u015fleri Bakan\u0131 Hakan Fidan ile bir araya geldiler .<\/p>\n<div id='gallery-1' class='gallery galleryid-327601 gallery-columns-1 gallery-size-full'><figure class='gallery-item'>\n\t\t\t<div class='gallery-icon landscape'>\n\t\t\t\t<a href='https:\/\/archive.sana.sy\/tr\/wp-content\/uploads\/2025\/08\/photo_2025-08-13_11-27-50.jpg'><img loading=\"lazy\" decoding=\"async\" width=\"2560\" height=\"1440\" src=\"https:\/\/archive.sana.sy\/tr\/wp-content\/uploads\/2025\/08\/photo_2025-08-13_11-27-50.jpg\" class=\"attachment-full size-full\" alt=\"\" srcset=\"https:\/\/archive.sana.sy\/tr\/wp-content\/uploads\/2025\/08\/photo_2025-08-13_11-27-50.jpg 2560w, https:\/\/archive.sana.sy\/tr\/wp-content\/uploads\/2025\/08\/photo_2025-08-13_11-27-50-300x169.jpg 300w, https:\/\/archive.sana.sy\/tr\/wp-content\/uploads\/2025\/08\/photo_2025-08-13_11-27-50-1024x576.jpg 1024w, https:\/\/archive.sana.sy\/tr\/wp-content\/uploads\/2025\/08\/photo_2025-08-13_11-27-50-768x432.jpg 768w, https:\/\/archive.sana.sy\/tr\/wp-content\/uploads\/2025\/08\/photo_2025-08-13_11-27-50-1536x864.jpg 1536w, https:\/\/archive.sana.sy\/tr\/wp-content\/uploads\/2025\/08\/photo_2025-08-13_11-27-50-2048x1152.jpg 2048w\" sizes=\"auto, (max-width: 2560px) 100vw, 2560px\" \/><\/a>\n\t\t\t<\/div><\/figure><figure class='gallery-item'>\n\t\t\t<div class='gallery-icon landscape'>\n\t\t\t\t<a href='https:\/\/archive.sana.sy\/tr\/wp-content\/uploads\/2025\/08\/photo_2025-08-13_11-27-58.jpg'><img loading=\"lazy\" decoding=\"async\" width=\"2560\" height=\"1440\" src=\"https:\/\/archive.sana.sy\/tr\/wp-content\/uploads\/2025\/08\/photo_2025-08-13_11-27-58.jpg\" class=\"attachment-full size-full\" alt=\"\" srcset=\"https:\/\/archive.sana.sy\/tr\/wp-content\/uploads\/2025\/08\/photo_2025-08-13_11-27-58.jpg 2560w, https:\/\/archive.sana.sy\/tr\/wp-content\/uploads\/2025\/08\/photo_2025-08-13_11-27-58-300x169.jpg 300w, https:\/\/archive.sana.sy\/tr\/wp-content\/uploads\/2025\/08\/photo_2025-08-13_11-27-58-1024x576.jpg 1024w, https:\/\/archive.sana.sy\/tr\/wp-content\/uploads\/2025\/08\/photo_2025-08-13_11-27-58-768x432.jpg 768w, https:\/\/archive.sana.sy\/tr\/wp-content\/uploads\/2025\/08\/photo_2025-08-13_11-27-58-1536x864.jpg 1536w, https:\/\/archive.sana.sy\/tr\/wp-content\/uploads\/2025\/08\/photo_2025-08-13_11-27-58-2048x1152.jpg 2048w\" sizes=\"auto, (max-width: 2560px) 100vw, 2560px\" \/><\/a>\n\t\t\t<\/div><\/figure><figure class='gallery-item'>\n\t\t\t<div class='gallery-icon landscape'>\n\t\t\t\t<a href='https:\/\/archive.sana.sy\/tr\/wp-content\/uploads\/2025\/08\/photo_2025-08-13_11-28-01.jpg'><img loading=\"lazy\" decoding=\"async\" width=\"2560\" height=\"1440\" src=\"https:\/\/archive.sana.sy\/tr\/wp-content\/uploads\/2025\/08\/photo_2025-08-13_11-28-01.jpg\" class=\"attachment-full size-full\" alt=\"\" srcset=\"https:\/\/archive.sana.sy\/tr\/wp-content\/uploads\/2025\/08\/photo_2025-08-13_11-28-01.jpg 2560w, https:\/\/archive.sana.sy\/tr\/wp-content\/uploads\/2025\/08\/photo_2025-08-13_11-28-01-300x169.jpg 300w, https:\/\/archive.sana.sy\/tr\/wp-content\/uploads\/2025\/08\/photo_2025-08-13_11-28-01-1024x576.jpg 1024w, https:\/\/archive.sana.sy\/tr\/wp-content\/uploads\/2025\/08\/photo_2025-08-13_11-28-01-768x432.jpg 768w, https:\/\/archive.sana.sy\/tr\/wp-content\/uploads\/2025\/08\/photo_2025-08-13_11-28-01-1536x864.jpg 1536w, https:\/\/archive.sana.sy\/tr\/wp-content\/uploads\/2025\/08\/photo_2025-08-13_11-28-01-2048x1152.jpg 2048w\" sizes=\"auto, (max-width: 2560px) 100vw, 2560px\" \/><\/a>\n\t\t\t<\/div><\/figure>\n\t\t<\/div>\n\n","protected":false},"excerpt":{"rendered":"<p>ANKARA (SANA) &#8211; D\u0131\u015fi\u015fleri ve Gurbet\u00e7iler Bakan\u0131 Asaad Hasan El \u015eeybani, Savunma Bakan\u0131 T\u00fcmgeneral M\u00fchendis Murhaf Ebu Kasra ve \u0130stihbarat Servisi Ba\u015fkan\u0131 H\u00fcseyin Salame, kar\u015f\u0131l\u0131kl\u0131 ilgi duyulan konularda g\u00f6r\u00fc\u015fmelerde bulunmak \u00fczere Ankara&#8217;daki T\u00fcrk D\u0131\u015fi\u015fleri Bakanl\u0131\u011f\u0131&#8217;nda T\u00fcrk D\u0131\u015fi\u015fleri Bakan\u0131 Hakan Fidan ile bir araya geldiler .<\/p>\n","protected":false},"author":36,"featured_media":327605,"comment_status":"closed","ping_status":"closed","sticky":false,"template":"","format":"standard","meta":{"footnotes":""},"categories":[458,596,459],"tags":[],"class_list":["post-327601","post","type-post","status-publish","format-standard","has-post-thumbnail","","category-dunya1","category-fotografli-raporlar","category-haberler-arap-uluslararasi-politika"],"_links":{"self":[{"href":"https:\/\/archive.sana.sy\/tr\/index.php?rest_route=\/wp\/v2\/posts\/327601","targetHints":{"allow":["GET"]}}],"collection":[{"href":"https:\/\/archive.sana.sy\/tr\/index.php?rest_route=\/wp\/v2\/posts"}],"about":[{"href":"https:\/\/archive.sana.sy\/tr\/index.php?rest_route=\/wp\/v2\/types\/post"}],"author":[{"embeddable":true,"href":"https:\/\/archive.sana.sy\/tr\/index.php?rest_route=\/wp\/v2\/users\/36"}],"replies":[{"embeddable":true,"href":"https:\/\/archive.sana.sy\/tr\/index.php?rest_route=%2Fwp%2Fv2%2Fcomments&post=327601"}],"version-history":[{"count":5,"href":"https:\/\/archive.sana.sy\/tr\/index.php?rest_route=\/wp\/v2\/posts\/327601\/revisions"}],"predecessor-version":[{"id":327626,"href":"https:\/\/archive.sana.sy\/tr\/index.php?rest_route=\/wp\/v2\/posts\/327601\/revisions\/327626"}],"wp:featuredmedia":[{"embeddable":true,"href":"https:\/\/archive.sana.sy\/tr\/index.php?rest_route=\/wp\/v2\/media\/327605"}],"wp:attachment":[{"href":"https:\/\/archive.sana.sy\/tr\/index.php?rest_route=%2Fwp%2Fv2%2Fmedia&parent=327601"}],"wp:term":[{"taxonomy":"category","embeddable":true,"href":"https:\/\/archive.sana.sy\/tr\/index.php?rest_route=%2Fwp%2Fv2%2Fcategories&post=327601"},{"taxonomy":"post_tag","embeddable":true,"href":"https:\/\/archive.sana.sy\/tr\/index.php?rest_route=%2Fwp%2Fv2%2Ftags&post=327601"}],"curies":[{"name":"wp","href":"https:\/\/api.w.org\/{rel}","templated":true}]}}