{"id":327611,"date":"2025-08-13T12:53:12","date_gmt":"2025-08-13T09:53:12","guid":{"rendered":"https:\/\/sana.sy\/tr\/?p=327611"},"modified":"2025-08-13T15:14:58","modified_gmt":"2025-08-13T12:14:58","slug":"yeni-yardim-konvoyu-suveydaya-girdi","status":"publish","type":"post","link":"https:\/\/archive.sana.sy\/tr\/?p=327611","title":{"rendered":"Yeni Yard\u0131m Konvoyu S\u00fcveyda&#8217;ya Girdi"},"content":{"rendered":"<p style=\"text-align: justify;\"><span style=\"color: #ff0000;\"><strong>DERA (SANA) &#8211;<\/strong><\/span> Dokuzuncu insani yard\u0131m konvoyu bug\u00fcn Busra EL \u015eam \u00fczerinden S\u00fcveyda Vilayeti&#8217;ne ula\u015ft\u0131.<\/p>\n<p style=\"text-align: justify;\">Yard\u0131m, t\u0131bbi malzeme, g\u0131da ve yak\u0131t y\u00fckl\u00fc 21 kamyondan olu\u015fan konvoy, ya\u015fam ve insani zorluklarla m\u00fccadele eden b\u00f6lge sakinlerine destek olmak i\u00e7in devam eden \u00e7abalar\u0131n bir par\u00e7as\u0131.<\/p>\n<p style=\"text-align: justify;\"><img loading=\"lazy\" decoding=\"async\" class=\"size-medium wp-image-327612 alignright\" src=\"http:\/\/sana.sy\/tr\/wp-content\/uploads\/2025\/08\/4-1-300x169.jpg\" alt=\"\" width=\"300\" height=\"169\" srcset=\"https:\/\/archive.sana.sy\/tr\/wp-content\/uploads\/2025\/08\/4-1-300x169.jpg 300w, https:\/\/archive.sana.sy\/tr\/wp-content\/uploads\/2025\/08\/4-1-1024x576.jpg 1024w, https:\/\/archive.sana.sy\/tr\/wp-content\/uploads\/2025\/08\/4-1-768x432.jpg 768w, https:\/\/archive.sana.sy\/tr\/wp-content\/uploads\/2025\/08\/4-1.jpg 1280w\" sizes=\"auto, (max-width: 300px) 100vw, 300px\" \/>Konvoyda, g\u0131da kolisi, i\u00e7me suyu \u015fi\u015fesi, un, akaryak\u0131t \u00fcr\u00fcnleri ta\u015f\u0131yan tankerler ve valili\u011fin sa\u011fl\u0131k sekt\u00f6r\u00fcne destek olmak amac\u0131yla yedi adet b\u00f6brek diyaliz makinesi bulunuldu.<\/p>\n<p style=\"text-align: justify;\">Bu yard\u0131m, Suriye Arap K\u0131z\u0131lay\u0131&#8217;n\u0131n deste\u011fi ve sponsorlu\u011funun yan\u0131 s\u0131ra L\u00fcbnan K\u0131z\u0131lha\u00e7\u0131, Birle\u015fmi\u015f Milletler \u00c7ocuklara Yard\u0131m Fonu &#8220;UNICEF&#8221;, D\u00fcnya G\u0131da Program\u0131 &#8220;WFP&#8221; ve Birle\u015fmi\u015f Milletler M\u00fclteciler Y\u00fcksek Komiserli\u011fi&#8217;nin &#8220;UNHCR&#8221; ba\u011f\u0131\u015flar\u0131yla sa\u011fland\u0131.<\/p>\n<div id='gallery-1' class='gallery galleryid-327611 gallery-columns-2 gallery-size-full'><figure class='gallery-item'>\n\t\t\t<div class='gallery-icon landscape'>\n\t\t\t\t<a href='https:\/\/archive.sana.sy\/tr\/wp-content\/uploads\/2025\/08\/photo_2025-08-13_12-21-41.jpg'><img loading=\"lazy\" decoding=\"async\" width=\"1280\" height=\"720\" src=\"https:\/\/archive.sana.sy\/tr\/wp-content\/uploads\/2025\/08\/photo_2025-08-13_12-21-41.jpg\" class=\"attachment-full size-full\" alt=\"\" srcset=\"https:\/\/archive.sana.sy\/tr\/wp-content\/uploads\/2025\/08\/photo_2025-08-13_12-21-41.jpg 1280w, https:\/\/archive.sana.sy\/tr\/wp-content\/uploads\/2025\/08\/photo_2025-08-13_12-21-41-300x169.jpg 300w, https:\/\/archive.sana.sy\/tr\/wp-content\/uploads\/2025\/08\/photo_2025-08-13_12-21-41-1024x576.jpg 1024w, https:\/\/archive.sana.sy\/tr\/wp-content\/uploads\/2025\/08\/photo_2025-08-13_12-21-41-768x432.jpg 768w\" sizes=\"auto, (max-width: 1280px) 100vw, 1280px\" \/><\/a>\n\t\t\t<\/div><\/figure><figure class='gallery-item'>\n\t\t\t<div class='gallery-icon landscape'>\n\t\t\t\t<a href='https:\/\/archive.sana.sy\/tr\/wp-content\/uploads\/2025\/08\/photo_2025-08-13_12-21-41-3.jpg'><img loading=\"lazy\" decoding=\"async\" width=\"1280\" height=\"851\" src=\"https:\/\/archive.sana.sy\/tr\/wp-content\/uploads\/2025\/08\/photo_2025-08-13_12-21-41-3.jpg\" class=\"attachment-full size-full\" alt=\"\" srcset=\"https:\/\/archive.sana.sy\/tr\/wp-content\/uploads\/2025\/08\/photo_2025-08-13_12-21-41-3.jpg 1280w, https:\/\/archive.sana.sy\/tr\/wp-content\/uploads\/2025\/08\/photo_2025-08-13_12-21-41-3-300x199.jpg 300w, https:\/\/archive.sana.sy\/tr\/wp-content\/uploads\/2025\/08\/photo_2025-08-13_12-21-41-3-1024x681.jpg 1024w, https:\/\/archive.sana.sy\/tr\/wp-content\/uploads\/2025\/08\/photo_2025-08-13_12-21-41-3-768x511.jpg 768w, https:\/\/archive.sana.sy\/tr\/wp-content\/uploads\/2025\/08\/photo_2025-08-13_12-21-41-3-310x205.jpg 310w\" sizes=\"auto, (max-width: 1280px) 100vw, 1280px\" \/><\/a>\n\t\t\t<\/div><\/figure><figure class='gallery-item'>\n\t\t\t<div class='gallery-icon landscape'>\n\t\t\t\t<a href='https:\/\/archive.sana.sy\/tr\/wp-content\/uploads\/2025\/08\/photo_2025-08-13_12-21-42-2.jpg'><img loading=\"lazy\" decoding=\"async\" width=\"1280\" height=\"838\" src=\"https:\/\/archive.sana.sy\/tr\/wp-content\/uploads\/2025\/08\/photo_2025-08-13_12-21-42-2.jpg\" class=\"attachment-full size-full\" alt=\"\" srcset=\"https:\/\/archive.sana.sy\/tr\/wp-content\/uploads\/2025\/08\/photo_2025-08-13_12-21-42-2.jpg 1280w, https:\/\/archive.sana.sy\/tr\/wp-content\/uploads\/2025\/08\/photo_2025-08-13_12-21-42-2-300x196.jpg 300w, https:\/\/archive.sana.sy\/tr\/wp-content\/uploads\/2025\/08\/photo_2025-08-13_12-21-42-2-1024x670.jpg 1024w, https:\/\/archive.sana.sy\/tr\/wp-content\/uploads\/2025\/08\/photo_2025-08-13_12-21-42-2-768x503.jpg 768w\" sizes=\"auto, (max-width: 1280px) 100vw, 1280px\" \/><\/a>\n\t\t\t<\/div><\/figure><figure class='gallery-item'>\n\t\t\t<div class='gallery-icon landscape'>\n\t\t\t\t<a href='https:\/\/archive.sana.sy\/tr\/wp-content\/uploads\/2025\/08\/photo_2025-08-13_12-21-42-3.jpg'><img loading=\"lazy\" decoding=\"async\" width=\"1280\" height=\"854\" src=\"https:\/\/archive.sana.sy\/tr\/wp-content\/uploads\/2025\/08\/photo_2025-08-13_12-21-42-3.jpg\" class=\"attachment-full size-full\" alt=\"\" srcset=\"https:\/\/archive.sana.sy\/tr\/wp-content\/uploads\/2025\/08\/photo_2025-08-13_12-21-42-3.jpg 1280w, https:\/\/archive.sana.sy\/tr\/wp-content\/uploads\/2025\/08\/photo_2025-08-13_12-21-42-3-300x200.jpg 300w, https:\/\/archive.sana.sy\/tr\/wp-content\/uploads\/2025\/08\/photo_2025-08-13_12-21-42-3-1024x683.jpg 1024w, https:\/\/archive.sana.sy\/tr\/wp-content\/uploads\/2025\/08\/photo_2025-08-13_12-21-42-3-768x512.jpg 768w\" sizes=\"auto, (max-width: 1280px) 100vw, 1280px\" \/><\/a>\n\t\t\t<\/div><\/figure>\n\t\t<\/div>\n\n","protected":false},"excerpt":{"rendered":"<p>DERA (SANA) &#8211; Dokuzuncu insani yard\u0131m konvoyu bug\u00fcn Busra EL \u015eam \u00fczerinden S\u00fcveyda Vilayeti&#8217;ne ula\u015ft\u0131. Yard\u0131m, t\u0131bbi malzeme, g\u0131da ve yak\u0131t y\u00fckl\u00fc 21 kamyondan olu\u015fan konvoy, ya\u015fam ve insani zorluklarla m\u00fccadele eden b\u00f6lge sakinlerine destek olmak i\u00e7in devam eden \u00e7abalar\u0131n bir par\u00e7as\u0131. Konvoyda, g\u0131da kolisi, i\u00e7me suyu \u015fi\u015fesi, un, akaryak\u0131t \u00fcr\u00fcnleri ta\u015f\u0131yan tankerler ve valili\u011fin &hellip;<\/p>\n","protected":false},"author":36,"featured_media":327617,"comment_status":"closed","ping_status":"closed","sticky":false,"template":"","format":"standard","meta":{"footnotes":""},"categories":[596,589,479,17988,478],"tags":[],"class_list":["post-327611","post","type-post","status-publish","format-standard","has-post-thumbnail","","category-fotografli-raporlar","category-haber-seridi","category-haberler-yerel","category-son-haberler","category-yerel"],"_links":{"self":[{"href":"https:\/\/archive.sana.sy\/tr\/index.php?rest_route=\/wp\/v2\/posts\/327611","targetHints":{"allow":["GET"]}}],"collection":[{"href":"https:\/\/archive.sana.sy\/tr\/index.php?rest_route=\/wp\/v2\/posts"}],"about":[{"href":"https:\/\/archive.sana.sy\/tr\/index.php?rest_route=\/wp\/v2\/types\/post"}],"author":[{"embeddable":true,"href":"https:\/\/archive.sana.sy\/tr\/index.php?rest_route=\/wp\/v2\/users\/36"}],"replies":[{"embeddable":true,"href":"https:\/\/archive.sana.sy\/tr\/index.php?rest_route=%2Fwp%2Fv2%2Fcomments&post=327611"}],"version-history":[{"count":1,"href":"https:\/\/archive.sana.sy\/tr\/index.php?rest_route=\/wp\/v2\/posts\/327611\/revisions"}],"predecessor-version":[{"id":327618,"href":"https:\/\/archive.sana.sy\/tr\/index.php?rest_route=\/wp\/v2\/posts\/327611\/revisions\/327618"}],"wp:featuredmedia":[{"embeddable":true,"href":"https:\/\/archive.sana.sy\/tr\/index.php?rest_route=\/wp\/v2\/media\/327617"}],"wp:attachment":[{"href":"https:\/\/archive.sana.sy\/tr\/index.php?rest_route=%2Fwp%2Fv2%2Fmedia&parent=327611"}],"wp:term":[{"taxonomy":"category","embeddable":true,"href":"https:\/\/archive.sana.sy\/tr\/index.php?rest_route=%2Fwp%2Fv2%2Fcategories&post=327611"},{"taxonomy":"post_tag","embeddable":true,"href":"https:\/\/archive.sana.sy\/tr\/index.php?rest_route=%2Fwp%2Fv2%2Ftags&post=327611"}],"curies":[{"name":"wp","href":"https:\/\/api.w.org\/{rel}","templated":true}]}}