{"id":32762,"date":"2015-05-10T11:54:21","date_gmt":"2015-05-10T08:54:21","guid":{"rendered":"http:\/\/sana.sy\/tr\/?p=32762"},"modified":"2015-05-10T12:18:33","modified_gmt":"2015-05-10T09:18:33","slug":"al-suud-ucaklari-uluslararasi-sana-havalimani-ile-el-deylmi-hava-ussunu-yeniden-bombaladi","status":"publish","type":"post","link":"https:\/\/archive.sana.sy\/tr\/?p=32762","title":{"rendered":"\u00c2l Suud Eski Yemen Ba\u015fkan\u0131n\u0131n Evini Bombalad\u0131.. Salih Sald\u0131rganlar\u0131 \u00d6l\u00fcm ve Y\u0131k\u0131m Batakl\u0131\u011f\u0131ndan \u00c7\u0131kma Yollar\u0131n\u0131 Aramaya \u00c7a\u011f\u0131rd\u0131"},"content":{"rendered":"<p>SANA &#8211; \u00c2l Suud rejimi sava\u015f u\u00e7aklar\u0131 eski Yemen Ba\u015fkan\u0131 Ali Abdullah Salih\u2019in Sana\u2019daki evine bombard\u0131man d\u00fczenleyerek yerle bir etti.<\/p>\n<p>Yemenli kaynaklar, Suudi u\u00e7aklar\u0131n\u0131n Salih\u2019in evine iki defa f\u00fcze f\u0131rlatt\u0131\u011f\u0131n\u0131 ve tamamen y\u0131kt\u0131\u011f\u0131n\u0131 ancak olayda hi\u00e7 kimsenin yaralanmad\u0131\u011f\u0131n\u0131 s\u00f6yledi.<\/p>\n<p>Salih sald\u0131rganlar\u0131 yemen halk\u0131n\u0131 \u00f6ld\u00fcrme ve y\u0131k\u0131m batakl\u0131\u011f\u0131ndan \u00e7\u0131k\u0131\u015f\u00a0 i\u00e7in \u00e7\u00f6z\u00fcm bulmaya, Yemen halk\u0131n\u0131n kan\u0131n\u0131 i\u00e7mekten vazge\u00e7meye ve Yemenlileri kendi anla\u015fmazl\u0131klar\u0131n\u0131 diyalog yoluyla \u00e7\u00f6zmeye b\u0131rakmalar\u0131 \u00e7a\u011fr\u0131s\u0131nda bulundu.<\/p>\n<p>Salih evinin bombalanmas\u0131 ile ilgili yay\u0131nlad\u0131\u011f\u0131 beyanda, evinin ve can\u0131n\u0131n her Yemenlinin evi ve can\u0131 gibi oldu\u011funu, bombard\u0131man\u0131n evinde hi\u00e7 kimsenin can\u0131na mal olmamas\u0131na ra\u011fmen, sald\u0131r\u0131lar\u0131n \u00f6ld\u00fcrd\u00fc\u011f\u00fc her Yemenlinin kendi o\u011flu, karde\u015fi ve ailesi oldu\u011funu vurgulad\u0131.<\/p>\n<p>Sab\u0131rl\u0131, direnen, topra\u011f\u0131, dini ve vatan\u0131yla onur duyan Yemen halk\u0131n\u0131 durumlar\u0131n \u00e7\u0131kmaza girmeden, b\u00fct\u00fcn b\u00f6lgenin de ya\u015f ve kurunun birbirini yiyece\u011fi \u00e7at\u0131\u015fmaya girmeden diyalog ve bar\u0131\u015fa gidilmesi \u00e7a\u011fr\u0131s\u0131nda bulundu.<\/p>\n<p><span style=\"color: #0000ff\">\u00c2l Suud U\u00e7aklar\u0131 Uluslararas\u0131 Sana Havaliman\u0131 \u0130le El Deylmi Hava \u00dcss\u00fcn\u00fc Yeniden Bombalad\u0131<\/span><\/p>\n<p>\u00c2l Suud sava\u015f u\u00e7aklar\u0131 d\u00fcn uluslararas\u0131 Sana havaliman\u0131 ve el Deylmi Hava \u00dcss\u00fcne y\u00f6nelik bombard\u0131manlar\u0131n\u0131 yinelemesi sonucunda havaliman\u0131na varmas\u0131 beklenen 2 adet ilk yard\u0131m seferinin iptal edilmesine yol a\u00e7t\u0131.<\/p>\n<p>Sivil Havac\u0131l\u0131k Genel Kurumu Ba\u015fkan\u0131 Hamit Ferac SEBE Haber ajans\u0131na verdi\u011fi deme\u00e7te sald\u0131rgan \u00fclke u\u00e7aklar\u0131n\u0131n uluslararas\u0131 Sana havaliman\u0131 ve Hava \u00dcss\u00fcn\u00fc 4 f\u00fczeyle vurduklar\u0131n\u0131 belirterek, Yemen\u2019e ilk yard\u0131m ve insani yard\u0131mlar ta\u015f\u0131yan uluslararas\u0131 K\u0131zlay \u00f6rg\u00fct\u00fc ve S\u0131n\u0131rs\u0131z Doktorlar \u00d6rg\u00fct\u00fcne ait iki u\u00e7a\u011fa ini\u015f izni vermedi\u011fine dikkat \u00e7ekti.<\/p>\n<p>Farac, sald\u0131rgan \u00fclkelerin Sana Havaliman\u0131 pistini insani ve ilk yard\u0131mlar\u0131n Yemen halk\u0131na varmas\u0131n\u0131 engelleme hedefiyle devaml\u0131 vurdu\u011funu ifade ederek, Yemen\u2019deki insani durumlar\u0131n sald\u0131r\u0131lar sebebiyle gittik\u00e7e k\u00f6t\u00fcye gitmesi sebebiyle pistin yard\u0131mlar\u0131n acilen kar\u015f\u0131lanmas\u0131 suretiyle ge\u00e7ici olarak a\u00e7\u0131ld\u0131\u011f\u0131n\u0131 a\u00e7\u0131klad\u0131.<\/p>\n<p>Farac, kurumun s\u00f6z konusu iki u\u00e7a\u011fa ini\u015f izni verdi\u011fine ancak sald\u0131rgan \u00fclkelerin izin vermeyi ret etti\u011fini, K\u0131z\u0131lay ve S\u0131n\u0131rs\u0131z Doktorlar \u00f6rg\u00fctleriyle irtibata ge\u00e7ilerek ini\u015f izinlerinin sald\u0131rgan \u00fclkeler taraf\u0131ndan iptal edildi\u011fine ve insani ile sa\u011fl\u0131k yard\u0131mlar\u0131n\u0131n kim taraf\u0131ndan men edildi\u011finin g\u00f6r\u00fclmesi i\u00e7in b\u00fct\u00fcn d\u00fcnyay\u0131 bilgilendirmelerinin istendi\u011fine dikkat \u00e7ekti.<\/p>\n<p>S.\u015e. &#8211; R.H.<\/p>\n","protected":false},"excerpt":{"rendered":"<p>SANA &#8211; \u00c2l Suud rejimi sava\u015f u\u00e7aklar\u0131 eski Yemen Ba\u015fkan\u0131 Ali Abdullah Salih\u2019in Sana\u2019daki evine bombard\u0131man d\u00fczenleyerek yerle bir etti. Yemenli kaynaklar, Suudi u\u00e7aklar\u0131n\u0131n Salih\u2019in evine iki defa f\u00fcze f\u0131rlatt\u0131\u011f\u0131n\u0131 ve tamamen y\u0131kt\u0131\u011f\u0131n\u0131 ancak olayda hi\u00e7 kimsenin yaralanmad\u0131\u011f\u0131n\u0131 s\u00f6yledi. Salih sald\u0131rganlar\u0131 yemen halk\u0131n\u0131 \u00f6ld\u00fcrme ve y\u0131k\u0131m batakl\u0131\u011f\u0131ndan \u00e7\u0131k\u0131\u015f\u00a0 i\u00e7in \u00e7\u00f6z\u00fcm bulmaya, Yemen halk\u0131n\u0131n kan\u0131n\u0131 i\u00e7mekten &hellip;<\/p>\n","protected":false},"author":1,"featured_media":32765,"comment_status":"closed","ping_status":"closed","sticky":false,"template":"","format":"standard","meta":{"footnotes":""},"categories":[458,459,447],"tags":[],"class_list":["post-32762","post","type-post","status-publish","format-standard","has-post-thumbnail","","category-dunya1","category-haberler-arap-uluslararasi-politika","category-politika"],"_links":{"self":[{"href":"https:\/\/archive.sana.sy\/tr\/index.php?rest_route=\/wp\/v2\/posts\/32762","targetHints":{"allow":["GET"]}}],"collection":[{"href":"https:\/\/archive.sana.sy\/tr\/index.php?rest_route=\/wp\/v2\/posts"}],"about":[{"href":"https:\/\/archive.sana.sy\/tr\/index.php?rest_route=\/wp\/v2\/types\/post"}],"author":[{"embeddable":true,"href":"https:\/\/archive.sana.sy\/tr\/index.php?rest_route=\/wp\/v2\/users\/1"}],"replies":[{"embeddable":true,"href":"https:\/\/archive.sana.sy\/tr\/index.php?rest_route=%2Fwp%2Fv2%2Fcomments&post=32762"}],"version-history":[{"count":0,"href":"https:\/\/archive.sana.sy\/tr\/index.php?rest_route=\/wp\/v2\/posts\/32762\/revisions"}],"wp:featuredmedia":[{"embeddable":true,"href":"https:\/\/archive.sana.sy\/tr\/index.php?rest_route=\/wp\/v2\/media\/32765"}],"wp:attachment":[{"href":"https:\/\/archive.sana.sy\/tr\/index.php?rest_route=%2Fwp%2Fv2%2Fmedia&parent=32762"}],"wp:term":[{"taxonomy":"category","embeddable":true,"href":"https:\/\/archive.sana.sy\/tr\/index.php?rest_route=%2Fwp%2Fv2%2Fcategories&post=32762"},{"taxonomy":"post_tag","embeddable":true,"href":"https:\/\/archive.sana.sy\/tr\/index.php?rest_route=%2Fwp%2Fv2%2Ftags&post=32762"}],"curies":[{"name":"wp","href":"https:\/\/api.w.org\/{rel}","templated":true}]}}