{"id":327623,"date":"2025-08-13T13:34:14","date_gmt":"2025-08-13T10:34:14","guid":{"rendered":"https:\/\/sana.sy\/tr\/?p=327623"},"modified":"2025-08-13T15:09:59","modified_gmt":"2025-08-13T12:09:59","slug":"irakin-sam-buyukelciligi-suriye-ile-el-kaim-sinir-kapisinin-kapatildigi-dair-iddialari-yalanladi","status":"publish","type":"post","link":"https:\/\/archive.sana.sy\/tr\/?p=327623","title":{"rendered":"Irak&#8217;\u0131n \u015eam B\u00fcy\u00fckel\u00e7ili\u011fi, Suriye \u0130le El Kaim S\u0131n\u0131r Kap\u0131s\u0131n\u0131n Kapat\u0131ld\u0131\u011f\u0131ma Dair \u0130ddialar\u0131 Yalanlad\u0131"},"content":{"rendered":"<p style=\"text-align: justify;\"><span style=\"color: #ff0000;\"><strong>BA\u011eDAT (SANA) &#8211;<\/strong><\/span> Irak&#8217;\u0131n \u015eam B\u00fcy\u00fckel\u00e7ili\u011fi, Suriye ile El Kaim s\u0131n\u0131r kap\u0131s\u0131n\u0131n kapat\u0131ld\u0131\u011f\u0131na ili\u015fkin sosyal medyada dola\u015fan haberleri yalanlayarak, ekonomik ve yolcu trafi\u011finin normal \u015fekilde devam etti\u011fini belirtti.<\/p>\n<p style=\"text-align: justify;\">Irak B\u00fcy\u00fckel\u00e7ili\u011fi, bug\u00fcn Facebook sayfas\u0131ndan yapt\u0131\u011f\u0131 a\u00e7\u0131klamada, konuyla ilgili dola\u015fan haberlerin tamamen as\u0131ls\u0131z oldu\u011funu belirterek, s\u0131n\u0131r kap\u0131s\u0131 d\u00fczenli olarak faaliyet g\u00f6sterdi\u011fini ve kapat\u0131lmas\u0131 y\u00f6n\u00fcnde bir karar al\u0131nmad\u0131\u011f\u0131na i\u015faret etti.<\/p>\n","protected":false},"excerpt":{"rendered":"<p>BA\u011eDAT (SANA) &#8211; Irak&#8217;\u0131n \u015eam B\u00fcy\u00fckel\u00e7ili\u011fi, Suriye ile El Kaim s\u0131n\u0131r kap\u0131s\u0131n\u0131n kapat\u0131ld\u0131\u011f\u0131na ili\u015fkin sosyal medyada dola\u015fan haberleri yalanlayarak, ekonomik ve yolcu trafi\u011finin normal \u015fekilde devam etti\u011fini belirtti. Irak B\u00fcy\u00fckel\u00e7ili\u011fi, bug\u00fcn Facebook sayfas\u0131ndan yapt\u0131\u011f\u0131 a\u00e7\u0131klamada, konuyla ilgili dola\u015fan haberlerin tamamen as\u0131ls\u0131z oldu\u011funu belirterek, s\u0131n\u0131r kap\u0131s\u0131 d\u00fczenli olarak faaliyet g\u00f6sterdi\u011fini ve kapat\u0131lmas\u0131 y\u00f6n\u00fcnde bir karar al\u0131nmad\u0131\u011f\u0131na &hellip;<\/p>\n","protected":false},"author":36,"featured_media":327624,"comment_status":"closed","ping_status":"closed","sticky":false,"template":"","format":"standard","meta":{"footnotes":""},"categories":[458,589,459,17988],"tags":[],"class_list":["post-327623","post","type-post","status-publish","format-standard","has-post-thumbnail","","category-dunya1","category-haber-seridi","category-haberler-arap-uluslararasi-politika","category-son-haberler"],"_links":{"self":[{"href":"https:\/\/archive.sana.sy\/tr\/index.php?rest_route=\/wp\/v2\/posts\/327623","targetHints":{"allow":["GET"]}}],"collection":[{"href":"https:\/\/archive.sana.sy\/tr\/index.php?rest_route=\/wp\/v2\/posts"}],"about":[{"href":"https:\/\/archive.sana.sy\/tr\/index.php?rest_route=\/wp\/v2\/types\/post"}],"author":[{"embeddable":true,"href":"https:\/\/archive.sana.sy\/tr\/index.php?rest_route=\/wp\/v2\/users\/36"}],"replies":[{"embeddable":true,"href":"https:\/\/archive.sana.sy\/tr\/index.php?rest_route=%2Fwp%2Fv2%2Fcomments&post=327623"}],"version-history":[{"count":2,"href":"https:\/\/archive.sana.sy\/tr\/index.php?rest_route=\/wp\/v2\/posts\/327623\/revisions"}],"predecessor-version":[{"id":327634,"href":"https:\/\/archive.sana.sy\/tr\/index.php?rest_route=\/wp\/v2\/posts\/327623\/revisions\/327634"}],"wp:featuredmedia":[{"embeddable":true,"href":"https:\/\/archive.sana.sy\/tr\/index.php?rest_route=\/wp\/v2\/media\/327624"}],"wp:attachment":[{"href":"https:\/\/archive.sana.sy\/tr\/index.php?rest_route=%2Fwp%2Fv2%2Fmedia&parent=327623"}],"wp:term":[{"taxonomy":"category","embeddable":true,"href":"https:\/\/archive.sana.sy\/tr\/index.php?rest_route=%2Fwp%2Fv2%2Fcategories&post=327623"},{"taxonomy":"post_tag","embeddable":true,"href":"https:\/\/archive.sana.sy\/tr\/index.php?rest_route=%2Fwp%2Fv2%2Ftags&post=327623"}],"curies":[{"name":"wp","href":"https:\/\/api.w.org\/{rel}","templated":true}]}}