{"id":32763,"date":"2015-05-10T11:53:21","date_gmt":"2015-05-10T08:53:21","guid":{"rendered":"http:\/\/sana.sy\/tr\/?p=32763"},"modified":"2015-05-10T11:53:21","modified_gmt":"2015-05-10T08:53:21","slug":"askeri-kaynak-nusra-cephesi-ile-diger-teror-orgutlerinin-karsilikli-ithamlarda-bulunmalariyla-karisiklik-durumu-ortaminda-ugradigi-agir-hasarlar-neticesinde-cisr-el-sugur-kenti-ve-cevresindeki-tekfi","status":"publish","type":"post","link":"https:\/\/archive.sana.sy\/tr\/?p=32763","title":{"rendered":"Askeri kaynak, Nusra cephesi ile di\u011fer ter\u00f6r \u00f6rg\u00fctlerinin kar\u015f\u0131l\u0131kl\u0131 ithamlarda bulunmalar\u0131yla kar\u0131\u015f\u0131kl\u0131k durumu ortam\u0131nda u\u011frad\u0131\u011f\u0131 a\u011f\u0131r hasarlar neticesinde  Cisr el \u015eu\u011fur kenti ve \u00e7evresindeki tekfiri ter\u00f6r \u00f6rg\u00fctlerinin \u00e7\u00f6kt\u00fc\u011f\u00fcn\u00fc belirtti."},"content":{"rendered":"<p>Askeri kaynak, Nusra cephesi ile di\u011fer ter\u00f6r \u00f6rg\u00fctlerinin kar\u015f\u0131l\u0131kl\u0131 ithamlarda bulunmalar\u0131yla kar\u0131\u015f\u0131kl\u0131k durumu ortam\u0131nda u\u011frad\u0131\u011f\u0131 a\u011f\u0131r hasarlar neticesinde \u00a0Cisr el \u015eu\u011fur kenti ve \u00e7evresindeki tekfiri ter\u00f6r \u00f6rg\u00fctlerinin \u00e7\u00f6kt\u00fc\u011f\u00fcn\u00fc belirtti.<\/p>\n","protected":false},"excerpt":{"rendered":"<p>Askeri kaynak, Nusra cephesi ile di\u011fer ter\u00f6r \u00f6rg\u00fctlerinin kar\u015f\u0131l\u0131kl\u0131 ithamlarda bulunmalar\u0131yla kar\u0131\u015f\u0131kl\u0131k durumu ortam\u0131nda u\u011frad\u0131\u011f\u0131 a\u011f\u0131r hasarlar neticesinde \u00a0Cisr el \u015eu\u011fur kenti ve \u00e7evresindeki tekfiri ter\u00f6r \u00f6rg\u00fctlerinin \u00e7\u00f6kt\u00fc\u011f\u00fcn\u00fc belirtti.<\/p>\n","protected":false},"author":1,"featured_media":0,"comment_status":"closed","ping_status":"closed","sticky":false,"template":"","format":"standard","meta":{"footnotes":""},"categories":[1],"tags":[],"class_list":["post-32763","post","type-post","status-publish","format-standard","","category-news-not-sorted"],"_links":{"self":[{"href":"https:\/\/archive.sana.sy\/tr\/index.php?rest_route=\/wp\/v2\/posts\/32763","targetHints":{"allow":["GET"]}}],"collection":[{"href":"https:\/\/archive.sana.sy\/tr\/index.php?rest_route=\/wp\/v2\/posts"}],"about":[{"href":"https:\/\/archive.sana.sy\/tr\/index.php?rest_route=\/wp\/v2\/types\/post"}],"author":[{"embeddable":true,"href":"https:\/\/archive.sana.sy\/tr\/index.php?rest_route=\/wp\/v2\/users\/1"}],"replies":[{"embeddable":true,"href":"https:\/\/archive.sana.sy\/tr\/index.php?rest_route=%2Fwp%2Fv2%2Fcomments&post=32763"}],"version-history":[{"count":0,"href":"https:\/\/archive.sana.sy\/tr\/index.php?rest_route=\/wp\/v2\/posts\/32763\/revisions"}],"wp:attachment":[{"href":"https:\/\/archive.sana.sy\/tr\/index.php?rest_route=%2Fwp%2Fv2%2Fmedia&parent=32763"}],"wp:term":[{"taxonomy":"category","embeddable":true,"href":"https:\/\/archive.sana.sy\/tr\/index.php?rest_route=%2Fwp%2Fv2%2Fcategories&post=32763"},{"taxonomy":"post_tag","embeddable":true,"href":"https:\/\/archive.sana.sy\/tr\/index.php?rest_route=%2Fwp%2Fv2%2Ftags&post=32763"}],"curies":[{"name":"wp","href":"https:\/\/api.w.org\/{rel}","templated":true}]}}