{"id":327647,"date":"2025-08-13T20:16:18","date_gmt":"2025-08-13T17:16:18","guid":{"rendered":"https:\/\/sana.sy\/tr\/?p=327647"},"modified":"2025-08-13T20:16:18","modified_gmt":"2025-08-13T17:16:18","slug":"hama-ve-lazkiyedeki-yanginlar-yayiliyor-bazi-aileler-tahliye-edildi","status":"publish","type":"post","link":"https:\/\/archive.sana.sy\/tr\/?p=327647","title":{"rendered":"Hama Ve Lazkiye&#8217;deki Yang\u0131nlar Yay\u0131l\u0131yor, Baz\u0131 Aileler Tahliye Edildi"},"content":{"rendered":"<p style=\"text-align: justify;\"><span style=\"color: #ff0000;\"><strong>HAMA (SANA) &#8211;<\/strong> <\/span>Y\u00fcksek s\u0131cakl\u0131klar nedeniyle Hama ilinin bat\u0131s\u0131ndaki Fakrou, Anab ve Neba El Tayib b\u00f6lgelerinde \u00e7\u0131kan yang\u0131nlar geni\u015fleyerek baz\u0131 evlere yakla\u015f\u0131nca \u00e7ok say\u0131da sivilin tahliyesine yol a\u00e7t\u0131.<\/p>\n<p style=\"text-align: justify;\">Gab Kalk\u0131nma Kurumu Bas\u0131n Ofisi M\u00fcd\u00fcr\u00fc Muhammed El \u015eeyh, SANA muhabirine yapt\u0131\u011f\u0131 a\u00e7\u0131klamada, yang\u0131n\u0131n Lazkiye iline ba\u011fl\u0131 Ceble k\u0131rsal\u0131ndaki Beyt Ya\u015fut b\u00f6lgesine kadar yay\u0131ld\u0131\u011f\u0131n\u0131 ve itfaiye ile sivil savunma ekiplerinin alevleri kontrol alt\u0131na almak i\u00e7in \u00e7al\u0131\u015fmalar\u0131n\u0131 s\u00fcrd\u00fcrd\u00fc\u011f\u00fcn\u00fc belirtti.<img loading=\"lazy\" decoding=\"async\" class=\"size-full wp-image-327648 alignright\" src=\"http:\/\/sana.sy\/tr\/wp-content\/uploads\/2025\/08\/6-2-300x168-1.jpg\" alt=\"\" width=\"300\" height=\"168\" \/><\/p>\n<p style=\"text-align: justify;\">Lazkiye&#8217;de ise sivil savunma ekipleri, il k\u0131rsal\u0131nda \u00e7\u0131kan bir dizi yang\u0131n\u0131 s\u00f6nd\u00fcrmek amac\u0131yla \u00fc\u00e7\u00fcnc\u00fc g\u00fcn\u00fcnde yo\u011fun bir \u015fekilde m\u00fcdahalelerine devam ediyor. Zorlu saha ko\u015fullar\u0131 ekiplerin m\u00fcdahalesini g\u00fc\u00e7le\u015ftiriyor.<\/p>\n<p style=\"text-align: justify;\">\u0130l Afet ve Acil Durum Y\u00f6netimi M\u00fcd\u00fcr\u00fc Abd\u00fclkafi Keyyal, SANA muhabirine yapt\u0131\u011f\u0131 a\u00e7\u0131klamada, son iki g\u00fcn i\u00e7inde farkl\u0131 b\u00f6lgelerde \u00e7\u0131kan yang\u0131nlar\u0131n \u201cson derece tehlikeli\u201d olarak nitelendirildi\u011fini ve yang\u0131n\u0131n yay\u0131lmas\u0131n\u0131 s\u0131n\u0131rlamak amac\u0131yla itfaiye ekiplerinin yo\u011fun \u00e7aba sarf etti\u011fini s\u00f6yledi.<\/p>\n<p style=\"text-align: justify;\">Keyyal ayr\u0131ca, \u015fu anda en kritik noktalar\u0131n Deyr Mama b\u00f6lgesindeki da\u011fl\u0131k alanda bulundu\u011funu, b\u00f6lgenin sarp arazisi ve y\u00fcksek yama\u00e7lar\u0131 nedeniyle ula\u015f\u0131m\u0131n zor oldu\u011funu ve bu durumun s\u00f6nd\u00fcrme \u00e7al\u0131\u015fmalar\u0131n\u0131 daha da karma\u015f\u0131k hale getirdi\u011fini ifade etti.<\/p>\n<p style=\"text-align: justify;\">Keyyal, \u201cD\u00fcn Vadi b\u00f6lgesinde iyi bir kontrol sa\u011flad\u0131k, ancak bug\u00fcn Deyr Mama\u2019daki yang\u0131n\u0131n yay\u0131lmas\u0131n\u0131 \u00f6nlemek i\u00e7in t\u00fcm g\u00fcc\u00fcm\u00fczle \u00e7al\u0131\u015f\u0131yoruz,\u201d diyerek ekiplerin yang\u0131na en h\u0131zl\u0131 \u015fekilde m\u00fcdahale etmek i\u00e7in yeni saha \u00e7\u00f6z\u00fcmleri geli\u015ftirdi\u011fini vurgulad\u0131.<img loading=\"lazy\" decoding=\"async\" class=\"size-full wp-image-327649 alignright\" src=\"http:\/\/sana.sy\/tr\/wp-content\/uploads\/2025\/08\/8-1-300x168-1.jpg\" alt=\"\" width=\"300\" height=\"168\" \/><\/p>\n<p style=\"text-align: justify;\">\u00d6te yandan, Suriye Sivil Savunma Kurumu da yapt\u0131\u011f\u0131 a\u00e7\u0131klamada, itfaiye ekiplerinin, orman itfaiye birlikleriyle birlikte Lazkiye ve Hama illerinde e\u015f zamanl\u0131 olarak \u00e7\u0131kan alt\u0131 b\u00fcy\u00fck orman yang\u0131n\u0131na m\u00fcdahale etti\u011fini duyurdu.<\/p>\n<p style=\"text-align: justify;\">A\u00e7\u0131klamada, sarp arazi yap\u0131s\u0131, r\u00fczg\u00e2r\u0131n alevleri h\u0131zla yaymas\u0131 ve zorlu iklim ko\u015fullar\u0131 gibi ciddi engellerle kar\u015f\u0131 kar\u015f\u0131ya kal\u0131nd\u0131\u011f\u0131 belirtilirken, yerel halk\u0131n da yang\u0131nlar\u0131 s\u00f6nd\u00fcrme ve yay\u0131lmas\u0131n\u0131 engelleme \u00e7al\u0131\u015fmalar\u0131na kat\u0131ld\u0131\u011f\u0131 ifade edildi.<\/p>\n","protected":false},"excerpt":{"rendered":"<p>HAMA (SANA) &#8211; Y\u00fcksek s\u0131cakl\u0131klar nedeniyle Hama ilinin bat\u0131s\u0131ndaki Fakrou, Anab ve Neba El Tayib b\u00f6lgelerinde \u00e7\u0131kan yang\u0131nlar geni\u015fleyerek baz\u0131 evlere yakla\u015f\u0131nca \u00e7ok say\u0131da sivilin tahliyesine yol a\u00e7t\u0131. Gab Kalk\u0131nma Kurumu Bas\u0131n Ofisi M\u00fcd\u00fcr\u00fc Muhammed El \u015eeyh, SANA muhabirine yapt\u0131\u011f\u0131 a\u00e7\u0131klamada, yang\u0131n\u0131n Lazkiye iline ba\u011fl\u0131 Ceble k\u0131rsal\u0131ndaki Beyt Ya\u015fut b\u00f6lgesine kadar yay\u0131ld\u0131\u011f\u0131n\u0131 ve itfaiye ile &hellip;<\/p>\n","protected":false},"author":41,"featured_media":327650,"comment_status":"closed","ping_status":"closed","sticky":false,"template":"","format":"standard","meta":{"footnotes":""},"categories":[589,479,17988,478],"tags":[],"class_list":["post-327647","post","type-post","status-publish","format-standard","has-post-thumbnail","","category-haber-seridi","category-haberler-yerel","category-son-haberler","category-yerel"],"_links":{"self":[{"href":"https:\/\/archive.sana.sy\/tr\/index.php?rest_route=\/wp\/v2\/posts\/327647","targetHints":{"allow":["GET"]}}],"collection":[{"href":"https:\/\/archive.sana.sy\/tr\/index.php?rest_route=\/wp\/v2\/posts"}],"about":[{"href":"https:\/\/archive.sana.sy\/tr\/index.php?rest_route=\/wp\/v2\/types\/post"}],"author":[{"embeddable":true,"href":"https:\/\/archive.sana.sy\/tr\/index.php?rest_route=\/wp\/v2\/users\/41"}],"replies":[{"embeddable":true,"href":"https:\/\/archive.sana.sy\/tr\/index.php?rest_route=%2Fwp%2Fv2%2Fcomments&post=327647"}],"version-history":[{"count":1,"href":"https:\/\/archive.sana.sy\/tr\/index.php?rest_route=\/wp\/v2\/posts\/327647\/revisions"}],"predecessor-version":[{"id":327651,"href":"https:\/\/archive.sana.sy\/tr\/index.php?rest_route=\/wp\/v2\/posts\/327647\/revisions\/327651"}],"wp:featuredmedia":[{"embeddable":true,"href":"https:\/\/archive.sana.sy\/tr\/index.php?rest_route=\/wp\/v2\/media\/327650"}],"wp:attachment":[{"href":"https:\/\/archive.sana.sy\/tr\/index.php?rest_route=%2Fwp%2Fv2%2Fmedia&parent=327647"}],"wp:term":[{"taxonomy":"category","embeddable":true,"href":"https:\/\/archive.sana.sy\/tr\/index.php?rest_route=%2Fwp%2Fv2%2Fcategories&post=327647"},{"taxonomy":"post_tag","embeddable":true,"href":"https:\/\/archive.sana.sy\/tr\/index.php?rest_route=%2Fwp%2Fv2%2Ftags&post=327647"}],"curies":[{"name":"wp","href":"https:\/\/api.w.org\/{rel}","templated":true}]}}