{"id":327657,"date":"2025-08-14T08:00:46","date_gmt":"2025-08-14T05:00:46","guid":{"rendered":"https:\/\/sana.sy\/tr\/?p=327657"},"modified":"2025-08-15T13:36:41","modified_gmt":"2025-08-15T10:36:41","slug":"cumhurbaskani-ahmed-el-sara-idlib-valiliginden-gelen-bir-heyetle-bir-araya-geldi","status":"publish","type":"post","link":"https:\/\/archive.sana.sy\/tr\/?p=327657","title":{"rendered":"Cumhurba\u015fkan\u0131 Ahmed El \u015eara, \u0130dlib Valili\u011fi&#8217;nden Gelen Bir Heyetle Bir Araya Geldi"},"content":{"rendered":"<p style=\"text-align: justify;\"><span style=\"color: #ff0000;\"><strong>\u015eAM (SANA) &#8211;<\/strong><\/span> Cumhurba\u015fkan\u0131 Say\u0131n Ahmed El \u015eara, aralar\u0131nda bakanlar, akademisyenler, siyaset\u00e7iler ve meslek birli\u011fi \u00fcyelerinin de bulundu\u011fu \u0130dlib Valili\u011fi&#8217;nden toplum temsilcilerinden olu\u015fan bir heyeti kabul etti.<\/p>\n<p style=\"text-align: justify;\">Oturum s\u0131ras\u0131nda Cumhurba\u015fkan\u0131, kat\u0131l\u0131mc\u0131lar\u0131n g\u00f6r\u00fc\u015f ve katk\u0131lar\u0131n\u0131 dinleyerek, \u0130dlib Valili\u011fi&#8217;ndeki \u00e7al\u0131\u015fan kadrolar\u0131n istikrar ve yeniden yap\u0131lanma s\u00fcrecini desteklemede oynad\u0131klar\u0131 vatansever rol\u00fc ele ald\u0131.<\/p>\n<p style=\"text-align: justify;\">Cumhurba\u015fkan\u0131 El \u015eara, ya\u015fam ve ekonomik ko\u015fullar\u0131 iyile\u015ftirmek i\u00e7in devlet kurumlar\u0131 ve toplumun t\u00fcm bile\u015fenleri aras\u0131nda ortak \u00e7abalar\u0131n \u00f6nemini vurgulayarak, \u0130dlib&#8217;deki in\u015faat deneyiminin \u00f6rnek al\u0131nacak ba\u015far\u0131l\u0131 bir model olu\u015fturdu\u011funu kaydetti.<\/p>\n<p style=\"text-align: justify;\">Say\u0131n Cumhurba\u015fkan\u0131 ayr\u0131ca, Valilik kadrolar\u0131n\u0131 ve halk\u0131n\u0131, Suriye&#8217;nin kurtulu\u015funa ve yeniden yap\u0131lanma ve kalk\u0131nma s\u00fcrecine sa\u011flad\u0131klar\u0131 katk\u0131lardan dolay\u0131 takdir etti.<\/p>\n<div id='gallery-1' class='gallery galleryid-327657 gallery-columns-1 gallery-size-full'><figure class='gallery-item'>\n\t\t\t<div class='gallery-icon landscape'>\n\t\t\t\t<a href='https:\/\/archive.sana.sy\/tr\/?attachment_id=327660'><img loading=\"lazy\" decoding=\"async\" width=\"2560\" height=\"1437\" src=\"https:\/\/archive.sana.sy\/tr\/wp-content\/uploads\/2025\/08\/1-10.jpg\" class=\"attachment-full size-full\" alt=\"\" srcset=\"https:\/\/archive.sana.sy\/tr\/wp-content\/uploads\/2025\/08\/1-10.jpg 2560w, https:\/\/archive.sana.sy\/tr\/wp-content\/uploads\/2025\/08\/1-10-300x168.jpg 300w, https:\/\/archive.sana.sy\/tr\/wp-content\/uploads\/2025\/08\/1-10-1024x575.jpg 1024w, https:\/\/archive.sana.sy\/tr\/wp-content\/uploads\/2025\/08\/1-10-768x431.jpg 768w, https:\/\/archive.sana.sy\/tr\/wp-content\/uploads\/2025\/08\/1-10-1536x862.jpg 1536w, https:\/\/archive.sana.sy\/tr\/wp-content\/uploads\/2025\/08\/1-10-2048x1150.jpg 2048w\" sizes=\"auto, (max-width: 2560px) 100vw, 2560px\" \/><\/a>\n\t\t\t<\/div><\/figure><figure class='gallery-item'>\n\t\t\t<div class='gallery-icon landscape'>\n\t\t\t\t<a href='https:\/\/archive.sana.sy\/tr\/?attachment_id=327662'><img loading=\"lazy\" decoding=\"async\" width=\"2560\" height=\"1437\" src=\"https:\/\/archive.sana.sy\/tr\/wp-content\/uploads\/2025\/08\/2-7.jpg\" class=\"attachment-full size-full\" alt=\"\" srcset=\"https:\/\/archive.sana.sy\/tr\/wp-content\/uploads\/2025\/08\/2-7.jpg 2560w, https:\/\/archive.sana.sy\/tr\/wp-content\/uploads\/2025\/08\/2-7-300x168.jpg 300w, https:\/\/archive.sana.sy\/tr\/wp-content\/uploads\/2025\/08\/2-7-1024x575.jpg 1024w, https:\/\/archive.sana.sy\/tr\/wp-content\/uploads\/2025\/08\/2-7-768x431.jpg 768w, https:\/\/archive.sana.sy\/tr\/wp-content\/uploads\/2025\/08\/2-7-1536x862.jpg 1536w, https:\/\/archive.sana.sy\/tr\/wp-content\/uploads\/2025\/08\/2-7-2048x1150.jpg 2048w\" sizes=\"auto, (max-width: 2560px) 100vw, 2560px\" \/><\/a>\n\t\t\t<\/div><\/figure>\n\t\t<\/div>\n\n","protected":false},"excerpt":{"rendered":"<p>\u015eAM (SANA) &#8211; Cumhurba\u015fkan\u0131 Say\u0131n Ahmed El \u015eara, aralar\u0131nda bakanlar, akademisyenler, siyaset\u00e7iler ve meslek birli\u011fi \u00fcyelerinin de bulundu\u011fu \u0130dlib Valili\u011fi&#8217;nden toplum temsilcilerinden olu\u015fan bir heyeti kabul etti. Oturum s\u0131ras\u0131nda Cumhurba\u015fkan\u0131, kat\u0131l\u0131mc\u0131lar\u0131n g\u00f6r\u00fc\u015f ve katk\u0131lar\u0131n\u0131 dinleyerek, \u0130dlib Valili\u011fi&#8217;ndeki \u00e7al\u0131\u015fan kadrolar\u0131n istikrar ve yeniden yap\u0131lanma s\u00fcrecini desteklemede oynad\u0131klar\u0131 vatansever rol\u00fc ele ald\u0131. Cumhurba\u015fkan\u0131 El \u015eara, ya\u015fam ve &hellip;<\/p>\n","protected":false},"author":44,"featured_media":327658,"comment_status":"closed","ping_status":"closed","sticky":false,"template":"","format":"standard","meta":{"footnotes":""},"categories":[608,605],"tags":[43693,44183],"class_list":["post-327657","post","type-post","status-publish","format-standard","has-post-thumbnail","","category-etkinlikler","category-sayin-cumhurbaskani","tag-cumhurbaskani-ahmed-el-sara","tag-idlib-valiliginden-gelen-bir-heyetle-bir-araya-geldi"],"_links":{"self":[{"href":"https:\/\/archive.sana.sy\/tr\/index.php?rest_route=\/wp\/v2\/posts\/327657","targetHints":{"allow":["GET"]}}],"collection":[{"href":"https:\/\/archive.sana.sy\/tr\/index.php?rest_route=\/wp\/v2\/posts"}],"about":[{"href":"https:\/\/archive.sana.sy\/tr\/index.php?rest_route=\/wp\/v2\/types\/post"}],"author":[{"embeddable":true,"href":"https:\/\/archive.sana.sy\/tr\/index.php?rest_route=\/wp\/v2\/users\/44"}],"replies":[{"embeddable":true,"href":"https:\/\/archive.sana.sy\/tr\/index.php?rest_route=%2Fwp%2Fv2%2Fcomments&post=327657"}],"version-history":[{"count":3,"href":"https:\/\/archive.sana.sy\/tr\/index.php?rest_route=\/wp\/v2\/posts\/327657\/revisions"}],"predecessor-version":[{"id":327663,"href":"https:\/\/archive.sana.sy\/tr\/index.php?rest_route=\/wp\/v2\/posts\/327657\/revisions\/327663"}],"wp:featuredmedia":[{"embeddable":true,"href":"https:\/\/archive.sana.sy\/tr\/index.php?rest_route=\/wp\/v2\/media\/327658"}],"wp:attachment":[{"href":"https:\/\/archive.sana.sy\/tr\/index.php?rest_route=%2Fwp%2Fv2%2Fmedia&parent=327657"}],"wp:term":[{"taxonomy":"category","embeddable":true,"href":"https:\/\/archive.sana.sy\/tr\/index.php?rest_route=%2Fwp%2Fv2%2Fcategories&post=327657"},{"taxonomy":"post_tag","embeddable":true,"href":"https:\/\/archive.sana.sy\/tr\/index.php?rest_route=%2Fwp%2Fv2%2Ftags&post=327657"}],"curies":[{"name":"wp","href":"https:\/\/api.w.org\/{rel}","templated":true}]}}