{"id":327664,"date":"2025-08-14T10:14:45","date_gmt":"2025-08-14T07:14:45","guid":{"rendered":"https:\/\/sana.sy\/tr\/?p=327664"},"modified":"2025-08-14T10:14:45","modified_gmt":"2025-08-14T07:14:45","slug":"lazkiye-hama-ve-idlib-kirsalinda-orman-yanginlarini-sondurme-calismalari-suruyor","status":"publish","type":"post","link":"https:\/\/archive.sana.sy\/tr\/?p=327664","title":{"rendered":"Lazkiye, Hama Ve \u0130dlib K\u0131rsal\u0131nda Orman Yang\u0131nlar\u0131n\u0131 S\u00f6nd\u00fcrme \u00c7al\u0131\u015fmalar\u0131 S\u00fcr\u00fcyor"},"content":{"rendered":"<p style=\"text-align: justify;\"><span style=\"color: #ff0000;\"><strong>VAL\u0130L\u0130KLER (SANA) &#8211;<\/strong><\/span> Suriye Sivil Savunma ekipleri ile Orman M\u00fcd\u00fcrl\u00fc\u011f\u00fc\u2019ne ba\u011fl\u0131 yang\u0131n s\u00f6nd\u00fcrme ekipleri, Lazkiye, Hama ve \u0130dlib k\u0131rsal\u0131n\u0131n \u00e7e\u015fitli b\u00f6lgelerinde \u00fc\u00e7 g\u00fcnd\u00fcr devam eden orman yang\u0131nlar\u0131n\u0131 s\u00f6nd\u00fcrme \u00e7al\u0131\u015fmalar\u0131n\u0131 s\u00fcrd\u00fcr\u00fcyor. \u015eu ana kadar 20&#8217;den fazla yang\u0131n kaydedildi.<\/p>\n<p style=\"text-align: justify;\">Sivil Savunma Arama ve Kurtarma Program\u0131 Sorumlusu Visam Zeydan, yang\u0131nlar\u0131n b\u00fcy\u00fck bir k\u0131sm\u0131n\u0131n kontrol alt\u0131na al\u0131nd\u0131\u011f\u0131n\u0131 belirtti. \u00d6zellikle Lazkiye k\u0131rsal\u0131ndaki \u015eahrura, Sulur, T\u00fcrkmen Da\u011f\u0131 ve Keseb yolu ile Hafeh b\u00f6lgesindeki Kerm El Ma\u2019sara ve Ayn El Tine b\u00f6lgelerinde ba\u015far\u0131 sa\u011fland\u0131. Ceble ve Tartus k\u0131rsal\u0131nda da baz\u0131 yang\u0131nlara m\u00fcdahale edildi\u011fi bildirildi. Hama k\u0131rsal\u0131ndaki \u011eab b\u00f6lgesinde ise s\u00f6nd\u00fcrme \u00e7al\u0131\u015fmalar\u0131 devam ediyor.<\/p>\n<p style=\"text-align: justify;\">Zeydan, Sivil Savunma, Hama \u0130tfaiyesi ve Orman ekiplerine ek olarak Halep ilinden destek ekipleri ve b\u00f6lge halk\u0131n\u0131n da \u00e7al\u0131\u015fmalara kat\u0131ld\u0131\u011f\u0131n\u0131 ifade etti. Arazi \u015fartlar\u0131n\u0131n zorlu\u011fu, y\u00fcksek hava s\u0131cakl\u0131klar\u0131 ve \u015fiddetli r\u00fczg\u00e2rlar\u0131n, yang\u0131nlar\u0131n yay\u0131lmas\u0131n\u0131 kolayla\u015ft\u0131rd\u0131\u011f\u0131n\u0131 vurgulayan Zeydan, yang\u0131n\u0131n Annab k\u00f6y\u00fcndeki evlere kadar ula\u015ft\u0131\u011f\u0131n\u0131 ancak ekiplerin h\u0131zl\u0131 m\u00fcdahalesiyle kontrol alt\u0131na al\u0131nd\u0131\u011f\u0131n\u0131 s\u00f6yledi.<\/p>\n<p style=\"text-align: justify;\">Acil M\u00fcdahale Plan\u0131 kapsam\u0131nda, Acil Durumlar ve Afet Y\u00f6netimi Bakanl\u0131\u011f\u0131 ilgili kurumlarla koordinasyon halinde \u00e7al\u0131\u015farak operasyonlar\u0131n y\u00f6nlendirilmesi, su kaynaklar\u0131n\u0131n sa\u011flanmas\u0131, destek ekiplerinin ve gerekli ekipmanlar\u0131n sahaya sevk edilmesi gibi \u00f6nlemleri i\u00e7eren bir strateji uygulamaktad\u0131r.<\/p>\n<div id='gallery-1' class='gallery galleryid-327664 gallery-columns-1 gallery-size-full'><figure class='gallery-item'>\n\t\t\t<div class='gallery-icon landscape'>\n\t\t\t\t<a href='https:\/\/archive.sana.sy\/tr\/?attachment_id=327666'><img loading=\"lazy\" decoding=\"async\" width=\"1280\" height=\"853\" src=\"https:\/\/archive.sana.sy\/tr\/wp-content\/uploads\/2025\/08\/photo_2025-08-14_00-10-55.jpg\" class=\"attachment-full size-full\" alt=\"\" srcset=\"https:\/\/archive.sana.sy\/tr\/wp-content\/uploads\/2025\/08\/photo_2025-08-14_00-10-55.jpg 1280w, https:\/\/archive.sana.sy\/tr\/wp-content\/uploads\/2025\/08\/photo_2025-08-14_00-10-55-300x200.jpg 300w, https:\/\/archive.sana.sy\/tr\/wp-content\/uploads\/2025\/08\/photo_2025-08-14_00-10-55-1024x682.jpg 1024w, https:\/\/archive.sana.sy\/tr\/wp-content\/uploads\/2025\/08\/photo_2025-08-14_00-10-55-768x512.jpg 768w\" sizes=\"auto, (max-width: 1280px) 100vw, 1280px\" \/><\/a>\n\t\t\t<\/div><\/figure><figure class='gallery-item'>\n\t\t\t<div class='gallery-icon landscape'>\n\t\t\t\t<a href='https:\/\/archive.sana.sy\/tr\/?attachment_id=327667'><img loading=\"lazy\" decoding=\"async\" width=\"1051\" height=\"702\" src=\"https:\/\/archive.sana.sy\/tr\/wp-content\/uploads\/2025\/08\/photo_2025-08-14_00-10-57.jpg\" class=\"attachment-full size-full\" alt=\"\" srcset=\"https:\/\/archive.sana.sy\/tr\/wp-content\/uploads\/2025\/08\/photo_2025-08-14_00-10-57.jpg 1051w, https:\/\/archive.sana.sy\/tr\/wp-content\/uploads\/2025\/08\/photo_2025-08-14_00-10-57-300x200.jpg 300w, https:\/\/archive.sana.sy\/tr\/wp-content\/uploads\/2025\/08\/photo_2025-08-14_00-10-57-1024x684.jpg 1024w, https:\/\/archive.sana.sy\/tr\/wp-content\/uploads\/2025\/08\/photo_2025-08-14_00-10-57-768x513.jpg 768w\" sizes=\"auto, (max-width: 1051px) 100vw, 1051px\" \/><\/a>\n\t\t\t<\/div><\/figure>\n\t\t<\/div>\n\n","protected":false},"excerpt":{"rendered":"<p>VAL\u0130L\u0130KLER (SANA) &#8211; Suriye Sivil Savunma ekipleri ile Orman M\u00fcd\u00fcrl\u00fc\u011f\u00fc\u2019ne ba\u011fl\u0131 yang\u0131n s\u00f6nd\u00fcrme ekipleri, Lazkiye, Hama ve \u0130dlib k\u0131rsal\u0131n\u0131n \u00e7e\u015fitli b\u00f6lgelerinde \u00fc\u00e7 g\u00fcnd\u00fcr devam eden orman yang\u0131nlar\u0131n\u0131 s\u00f6nd\u00fcrme \u00e7al\u0131\u015fmalar\u0131n\u0131 s\u00fcrd\u00fcr\u00fcyor. \u015eu ana kadar 20&#8217;den fazla yang\u0131n kaydedildi. Sivil Savunma Arama ve Kurtarma Program\u0131 Sorumlusu Visam Zeydan, yang\u0131nlar\u0131n b\u00fcy\u00fck bir k\u0131sm\u0131n\u0131n kontrol alt\u0131na al\u0131nd\u0131\u011f\u0131n\u0131 belirtti. \u00d6zellikle &hellip;<\/p>\n","protected":false},"author":44,"featured_media":327665,"comment_status":"closed","ping_status":"closed","sticky":false,"template":"","format":"standard","meta":{"footnotes":""},"categories":[589,479,17988,478],"tags":[44184,4026],"class_list":["post-327664","post","type-post","status-publish","format-standard","has-post-thumbnail","","category-haber-seridi","category-haberler-yerel","category-son-haberler","category-yerel","tag-hama-ve-idlib-kirsalinda-orman-yanginlarini-sondurme-calismalari-suruyor","tag-lazkiye"],"_links":{"self":[{"href":"https:\/\/archive.sana.sy\/tr\/index.php?rest_route=\/wp\/v2\/posts\/327664","targetHints":{"allow":["GET"]}}],"collection":[{"href":"https:\/\/archive.sana.sy\/tr\/index.php?rest_route=\/wp\/v2\/posts"}],"about":[{"href":"https:\/\/archive.sana.sy\/tr\/index.php?rest_route=\/wp\/v2\/types\/post"}],"author":[{"embeddable":true,"href":"https:\/\/archive.sana.sy\/tr\/index.php?rest_route=\/wp\/v2\/users\/44"}],"replies":[{"embeddable":true,"href":"https:\/\/archive.sana.sy\/tr\/index.php?rest_route=%2Fwp%2Fv2%2Fcomments&post=327664"}],"version-history":[{"count":1,"href":"https:\/\/archive.sana.sy\/tr\/index.php?rest_route=\/wp\/v2\/posts\/327664\/revisions"}],"predecessor-version":[{"id":327668,"href":"https:\/\/archive.sana.sy\/tr\/index.php?rest_route=\/wp\/v2\/posts\/327664\/revisions\/327668"}],"wp:featuredmedia":[{"embeddable":true,"href":"https:\/\/archive.sana.sy\/tr\/index.php?rest_route=\/wp\/v2\/media\/327665"}],"wp:attachment":[{"href":"https:\/\/archive.sana.sy\/tr\/index.php?rest_route=%2Fwp%2Fv2%2Fmedia&parent=327664"}],"wp:term":[{"taxonomy":"category","embeddable":true,"href":"https:\/\/archive.sana.sy\/tr\/index.php?rest_route=%2Fwp%2Fv2%2Fcategories&post=327664"},{"taxonomy":"post_tag","embeddable":true,"href":"https:\/\/archive.sana.sy\/tr\/index.php?rest_route=%2Fwp%2Fv2%2Ftags&post=327664"}],"curies":[{"name":"wp","href":"https:\/\/api.w.org\/{rel}","templated":true}]}}