{"id":32768,"date":"2015-05-10T12:35:30","date_gmt":"2015-05-10T09:35:30","guid":{"rendered":"http:\/\/sana.sy\/tr\/?p=32768"},"modified":"2015-05-10T12:35:30","modified_gmt":"2015-05-10T09:35:30","slug":"askeri-kaynak-suriye-arap-ordusu-hava-silahinin-idlib-kirsali-cisr-el-sugur-canudiye-ekseninde-firar-eden-araclari-sukkeriye-nahle-kilisesi-ve-ayn-el-sovdaa-tekfiri-teror-orgutle","status":"publish","type":"post","link":"https:\/\/archive.sana.sy\/tr\/?p=32768","title":{"rendered":"Askeri kaynak, Suriye Arap ordusu hava silah\u0131n\u0131n \u0130dlib k\u0131rsal\u0131 Cisr el \u015eu\u011fur \u2013 Canudiye ekseninde firar eden ara\u00e7lar\u0131, S\u00fckkeriye, Nahle Kilisesi ve Ayn el Sovda\u2019a tekfiri ter\u00f6r \u00f6rg\u00fctlerinin toplanma merkezlerini imha etti\u011fini s\u00f6yledi."},"content":{"rendered":"<p>Askeri kaynak, Suriye Arap ordusu hava silah\u0131n\u0131n \u0130dlib k\u0131rsal\u0131 Cisr el \u015eu\u011fur \u2013 Canudiye ekseninde firar eden ara\u00e7lar\u0131, S\u00fckkeriye, Nahle Kilisesi ve Ayn el Sovda\u2019a tekfiri ter\u00f6r \u00f6rg\u00fctlerinin toplanma merkezlerini imha etti\u011fini s\u00f6yledi.<\/p>\n","protected":false},"excerpt":{"rendered":"<p>Askeri kaynak, Suriye Arap ordusu hava silah\u0131n\u0131n \u0130dlib k\u0131rsal\u0131 Cisr el \u015eu\u011fur \u2013 Canudiye ekseninde firar eden ara\u00e7lar\u0131, S\u00fckkeriye, Nahle Kilisesi ve Ayn el Sovda\u2019a tekfiri ter\u00f6r \u00f6rg\u00fctlerinin toplanma merkezlerini imha etti\u011fini s\u00f6yledi.<\/p>\n","protected":false},"author":1,"featured_media":0,"comment_status":"closed","ping_status":"closed","sticky":false,"template":"","format":"standard","meta":{"footnotes":""},"categories":[1],"tags":[1031,14418,10988,14417],"class_list":["post-32768","post","type-post","status-publish","format-standard","","category-news-not-sorted","tag-askeri-kaynak","tag-nahle-kilisesi-ve-ayn-el-sovdaa-tekfiri-teror-orgutlerinin-toplanma-merkezlerini-imha-ettigini-soyledi","tag-sukkeriye","tag-suriye-arap-ordusu-hava-silahinin-idlib-kirsali-cisr-el-sugur-canudiye-ekseninde-firar-eden-araclari"],"_links":{"self":[{"href":"https:\/\/archive.sana.sy\/tr\/index.php?rest_route=\/wp\/v2\/posts\/32768","targetHints":{"allow":["GET"]}}],"collection":[{"href":"https:\/\/archive.sana.sy\/tr\/index.php?rest_route=\/wp\/v2\/posts"}],"about":[{"href":"https:\/\/archive.sana.sy\/tr\/index.php?rest_route=\/wp\/v2\/types\/post"}],"author":[{"embeddable":true,"href":"https:\/\/archive.sana.sy\/tr\/index.php?rest_route=\/wp\/v2\/users\/1"}],"replies":[{"embeddable":true,"href":"https:\/\/archive.sana.sy\/tr\/index.php?rest_route=%2Fwp%2Fv2%2Fcomments&post=32768"}],"version-history":[{"count":0,"href":"https:\/\/archive.sana.sy\/tr\/index.php?rest_route=\/wp\/v2\/posts\/32768\/revisions"}],"wp:attachment":[{"href":"https:\/\/archive.sana.sy\/tr\/index.php?rest_route=%2Fwp%2Fv2%2Fmedia&parent=32768"}],"wp:term":[{"taxonomy":"category","embeddable":true,"href":"https:\/\/archive.sana.sy\/tr\/index.php?rest_route=%2Fwp%2Fv2%2Fcategories&post=32768"},{"taxonomy":"post_tag","embeddable":true,"href":"https:\/\/archive.sana.sy\/tr\/index.php?rest_route=%2Fwp%2Fv2%2Ftags&post=32768"}],"curies":[{"name":"wp","href":"https:\/\/api.w.org\/{rel}","templated":true}]}}