{"id":327680,"date":"2025-08-14T11:30:19","date_gmt":"2025-08-14T08:30:19","guid":{"rendered":"https:\/\/sana.sy\/tr\/?p=327680"},"modified":"2025-08-14T11:30:19","modified_gmt":"2025-08-14T08:30:19","slug":"kizilayin-yardim-ve-gida-yardimi-konvoyu-suveydaya-dogru-yola-cikti","status":"publish","type":"post","link":"https:\/\/archive.sana.sy\/tr\/?p=327680","title":{"rendered":"K\u0131z\u0131lay&#8217;\u0131n Yard\u0131m Ve G\u0131da Yard\u0131m\u0131 Konvoyu S\u00fcveyda&#8217;ya Do\u011fru Yola \u00c7\u0131kt\u0131"},"content":{"rendered":"<p style=\"text-align: justify;\"><span style=\"color: #ff0000;\">DERA (SANA) &#8211;<\/span> Suriye Arap K\u0131z\u0131lay\u0131&#8217;na (SARC) ba\u011fl\u0131 yakla\u015f\u0131k 30 t\u0131rdan olu\u015fan yard\u0131m ve g\u0131da yard\u0131m\u0131 konvoyu, Busra El \u015eam insani koridoru \u00fczerinden S\u00fcveyda&#8217;ya do\u011fru yola \u00e7\u0131karak Dera k\u0131rsal\u0131ndaki Namir K\u00f6pr\u00fcs\u00fc&#8217;ne ula\u015ft\u0131.<\/p>\n<div id='gallery-1' class='gallery galleryid-327680 gallery-columns-3 gallery-size-large'><figure class='gallery-item'>\n\t\t\t<div class='gallery-icon landscape'>\n\t\t\t\t<a href='https:\/\/archive.sana.sy\/tr\/?attachment_id=327682'><img loading=\"lazy\" decoding=\"async\" width=\"618\" height=\"346\" src=\"https:\/\/archive.sana.sy\/tr\/wp-content\/uploads\/2025\/08\/222222222-1.jpg\" class=\"attachment-large size-large\" alt=\"\" srcset=\"https:\/\/archive.sana.sy\/tr\/wp-content\/uploads\/2025\/08\/222222222-1.jpg 660w, https:\/\/archive.sana.sy\/tr\/wp-content\/uploads\/2025\/08\/222222222-1-300x168.jpg 300w\" sizes=\"auto, (max-width: 618px) 100vw, 618px\" \/><\/a>\n\t\t\t<\/div><\/figure><figure class='gallery-item'>\n\t\t\t<div class='gallery-icon landscape'>\n\t\t\t\t<a href='https:\/\/archive.sana.sy\/tr\/?attachment_id=327683'><img loading=\"lazy\" decoding=\"async\" width=\"618\" height=\"346\" src=\"https:\/\/archive.sana.sy\/tr\/wp-content\/uploads\/2025\/08\/11111111111111-2.jpg\" class=\"attachment-large size-large\" alt=\"\" srcset=\"https:\/\/archive.sana.sy\/tr\/wp-content\/uploads\/2025\/08\/11111111111111-2.jpg 660w, https:\/\/archive.sana.sy\/tr\/wp-content\/uploads\/2025\/08\/11111111111111-2-300x168.jpg 300w\" sizes=\"auto, (max-width: 618px) 100vw, 618px\" \/><\/a>\n\t\t\t<\/div><\/figure><figure class='gallery-item'>\n\t\t\t<div class='gallery-icon landscape'>\n\t\t\t\t<a href='https:\/\/archive.sana.sy\/tr\/?attachment_id=327684'><img loading=\"lazy\" decoding=\"async\" width=\"618\" height=\"346\" src=\"https:\/\/archive.sana.sy\/tr\/wp-content\/uploads\/2025\/08\/333333333333333-1.jpg\" class=\"attachment-large size-large\" alt=\"\" srcset=\"https:\/\/archive.sana.sy\/tr\/wp-content\/uploads\/2025\/08\/333333333333333-1.jpg 660w, https:\/\/archive.sana.sy\/tr\/wp-content\/uploads\/2025\/08\/333333333333333-1-300x168.jpg 300w\" sizes=\"auto, (max-width: 618px) 100vw, 618px\" \/><\/a>\n\t\t\t<\/div><\/figure>\n\t\t<\/div>\n\n<p>&nbsp;<\/p>\n","protected":false},"excerpt":{"rendered":"<p>DERA (SANA) &#8211; Suriye Arap K\u0131z\u0131lay\u0131&#8217;na (SARC) ba\u011fl\u0131 yakla\u015f\u0131k 30 t\u0131rdan olu\u015fan yard\u0131m ve g\u0131da yard\u0131m\u0131 konvoyu, Busra El \u015eam insani koridoru \u00fczerinden S\u00fcveyda&#8217;ya do\u011fru yola \u00e7\u0131karak Dera k\u0131rsal\u0131ndaki Namir K\u00f6pr\u00fcs\u00fc&#8217;ne ula\u015ft\u0131. &nbsp;<\/p>\n","protected":false},"author":44,"featured_media":327681,"comment_status":"closed","ping_status":"closed","sticky":false,"template":"","format":"standard","meta":{"footnotes":""},"categories":[589,479,17988,478],"tags":[44187],"class_list":["post-327680","post","type-post","status-publish","format-standard","has-post-thumbnail","","category-haber-seridi","category-haberler-yerel","category-son-haberler","category-yerel","tag-kizilayin-yardim-ve-gida-yardimi-konvoyu-suveydaya-dogru-yola-cikti"],"_links":{"self":[{"href":"https:\/\/archive.sana.sy\/tr\/index.php?rest_route=\/wp\/v2\/posts\/327680","targetHints":{"allow":["GET"]}}],"collection":[{"href":"https:\/\/archive.sana.sy\/tr\/index.php?rest_route=\/wp\/v2\/posts"}],"about":[{"href":"https:\/\/archive.sana.sy\/tr\/index.php?rest_route=\/wp\/v2\/types\/post"}],"author":[{"embeddable":true,"href":"https:\/\/archive.sana.sy\/tr\/index.php?rest_route=\/wp\/v2\/users\/44"}],"replies":[{"embeddable":true,"href":"https:\/\/archive.sana.sy\/tr\/index.php?rest_route=%2Fwp%2Fv2%2Fcomments&post=327680"}],"version-history":[{"count":1,"href":"https:\/\/archive.sana.sy\/tr\/index.php?rest_route=\/wp\/v2\/posts\/327680\/revisions"}],"predecessor-version":[{"id":327685,"href":"https:\/\/archive.sana.sy\/tr\/index.php?rest_route=\/wp\/v2\/posts\/327680\/revisions\/327685"}],"wp:featuredmedia":[{"embeddable":true,"href":"https:\/\/archive.sana.sy\/tr\/index.php?rest_route=\/wp\/v2\/media\/327681"}],"wp:attachment":[{"href":"https:\/\/archive.sana.sy\/tr\/index.php?rest_route=%2Fwp%2Fv2%2Fmedia&parent=327680"}],"wp:term":[{"taxonomy":"category","embeddable":true,"href":"https:\/\/archive.sana.sy\/tr\/index.php?rest_route=%2Fwp%2Fv2%2Fcategories&post=327680"},{"taxonomy":"post_tag","embeddable":true,"href":"https:\/\/archive.sana.sy\/tr\/index.php?rest_route=%2Fwp%2Fv2%2Ftags&post=327680"}],"curies":[{"name":"wp","href":"https:\/\/api.w.org\/{rel}","templated":true}]}}