{"id":327720,"date":"2025-08-15T10:20:39","date_gmt":"2025-08-15T07:20:39","guid":{"rendered":"https:\/\/sana.sy\/tr\/?p=327720"},"modified":"2025-08-15T10:20:39","modified_gmt":"2025-08-15T07:20:39","slug":"suriye-ve-urdun-arasinda-ekonomik-is-birligi-gorusuldu","status":"publish","type":"post","link":"https:\/\/archive.sana.sy\/tr\/?p=327720","title":{"rendered":"Suriye ve \u00dcrd\u00fcn Aras\u0131nda Ekonomik \u0130\u015f Birli\u011fi G\u00f6r\u00fc\u015f\u00fcld\u00fc"},"content":{"rendered":"<p style=\"text-align: justify;\"><strong><span style=\"color: #ff0000;\">\u015eAM (SANA) \u2013<\/span><\/strong> Suriye Genel Kara ve Deniz S\u0131n\u0131r Kap\u0131lar\u0131 Kurumu Ba\u015fkan\u0131 Kuteybe Bedavi, \u00dcrd\u00fcn Sanayi, Ticaret ve Tedarik Bakan\u0131 Yaarub Falah El Kudah ba\u015fkanl\u0131\u011f\u0131ndaki \u00fcst d\u00fczey \u00dcrd\u00fcn heyetiyle bir araya gelerek, Suriye-\u00dcrd\u00fcn ekonomik ili\u015fkilerinin geli\u015ftirilmesi ve ikili ortakl\u0131\u011f\u0131n g\u00fc\u00e7lendirilmesi yollar\u0131n\u0131 g\u00f6r\u00fc\u015ft\u00fc.<\/p>\n<p style=\"text-align: justify;\">Bedavi, \u00dcrd\u00fcn s\u0131n\u0131r\u0131ndaki Nasib S\u0131n\u0131r Kap\u0131s\u0131&#8217;nda heyeti kar\u015f\u0131lad\u0131\u011f\u0131 s\u0131rada, iki \u00fclke aras\u0131ndaki tarihi ili\u015fkilerin derinli\u011fine vurgu yapt\u0131. Taraflar, s\u0131n\u0131r kap\u0131s\u0131ndaki tesislerde ger\u00e7ekle\u015ftirdikleri saha gezisi s\u0131ras\u0131nda, yolcu ve y\u00fck ta\u015f\u0131mac\u0131l\u0131\u011f\u0131na y\u00f6nelik sunulan kolayl\u0131klar ile ticaret ak\u0131\u015f\u0131n\u0131n h\u0131zland\u0131r\u0131lmas\u0131na ili\u015fkin uygulamalar\u0131 yerinde inceledi.<\/p>\n<p style=\"text-align: justify;\">Heyet ayr\u0131ca, Suriye-\u00dcrd\u00fcn Ortak Serbest B\u00f6lgesi \u015eirketi\u2019ni de ziyaret etti. \u015eirket m\u00fcd\u00fcr\u00fc, serbest b\u00f6lgedeki mevcut \u00e7al\u0131\u015fmalar, temel faaliyet alanlar\u0131, son d\u00f6neme ait performans verileri, lojistik hizmetlerin geli\u015ftirilmesi ve yat\u0131r\u0131m \u00e7ekmeye y\u00f6nelik planlar hakk\u0131nda kapsaml\u0131 bir sunum yapt\u0131.<\/p>\n<p style=\"text-align: justify;\">Her iki taraf\u0131n kat\u0131l\u0131m\u0131yla, Serbest B\u00f6lge \u015eirketi Genel Kurul Toplant\u0131s\u0131 kurum binas\u0131nda ger\u00e7ekle\u015ftirildi. Toplant\u0131da, y\u0131l\u0131n ilk yar\u0131s\u0131na ait faaliyet verileri de\u011ferlendirildi; ekonomik faaliyet hacminin art\u0131r\u0131lmas\u0131, altyap\u0131n\u0131n modernize edilmesi ve dijital sistemlerin g\u00fcncellenmesiyle ilgili \u00e7e\u015fitli \u00f6neriler ele al\u0131nd\u0131. Bu ad\u0131mlar\u0131n, serbest b\u00f6lgenin iki \u00fclkeye hizmet veren b\u00f6lgesel bir lojistik merkez olarak konumunu g\u00fc\u00e7lendirmesi hedefleniyor.<\/p>\n<p style=\"text-align: justify;\">Ziyaretin sonunda taraflar, yat\u0131r\u0131m i\u00e7in cazip bir ortam olu\u015fturmak ve i\u015f birli\u011fi alanlar\u0131n\u0131 geni\u015fleterek ikili ticaret hacmini art\u0131rmak suretiyle, her iki \u00fclkenin ulusal ekonomisine katk\u0131 sa\u011flama konusundaki kararl\u0131l\u0131klar\u0131n\u0131 yineledi.<\/p>\n<p style=\"text-align: justify;\">\n","protected":false},"excerpt":{"rendered":"<p>\u015eAM (SANA) \u2013 Suriye Genel Kara ve Deniz S\u0131n\u0131r Kap\u0131lar\u0131 Kurumu Ba\u015fkan\u0131 Kuteybe Bedavi, \u00dcrd\u00fcn Sanayi, Ticaret ve Tedarik Bakan\u0131 Yaarub Falah El Kudah ba\u015fkanl\u0131\u011f\u0131ndaki \u00fcst d\u00fczey \u00dcrd\u00fcn heyetiyle bir araya gelerek, Suriye-\u00dcrd\u00fcn ekonomik ili\u015fkilerinin geli\u015ftirilmesi ve ikili ortakl\u0131\u011f\u0131n g\u00fc\u00e7lendirilmesi yollar\u0131n\u0131 g\u00f6r\u00fc\u015ft\u00fc. Bedavi, \u00dcrd\u00fcn s\u0131n\u0131r\u0131ndaki Nasib S\u0131n\u0131r Kap\u0131s\u0131&#8217;nda heyeti kar\u015f\u0131lad\u0131\u011f\u0131 s\u0131rada, iki \u00fclke aras\u0131ndaki tarihi &hellip;<\/p>\n","protected":false},"author":44,"featured_media":327721,"comment_status":"closed","ping_status":"closed","sticky":false,"template":"","format":"standard","meta":{"footnotes":""},"categories":[589,479,17988,478],"tags":[44193],"class_list":["post-327720","post","type-post","status-publish","format-standard","has-post-thumbnail","","category-haber-seridi","category-haberler-yerel","category-son-haberler","category-yerel","tag-suriye-ve-urdun-arasinda-ekonomik-is-birligi-gorusuldu"],"_links":{"self":[{"href":"https:\/\/archive.sana.sy\/tr\/index.php?rest_route=\/wp\/v2\/posts\/327720","targetHints":{"allow":["GET"]}}],"collection":[{"href":"https:\/\/archive.sana.sy\/tr\/index.php?rest_route=\/wp\/v2\/posts"}],"about":[{"href":"https:\/\/archive.sana.sy\/tr\/index.php?rest_route=\/wp\/v2\/types\/post"}],"author":[{"embeddable":true,"href":"https:\/\/archive.sana.sy\/tr\/index.php?rest_route=\/wp\/v2\/users\/44"}],"replies":[{"embeddable":true,"href":"https:\/\/archive.sana.sy\/tr\/index.php?rest_route=%2Fwp%2Fv2%2Fcomments&post=327720"}],"version-history":[{"count":1,"href":"https:\/\/archive.sana.sy\/tr\/index.php?rest_route=\/wp\/v2\/posts\/327720\/revisions"}],"predecessor-version":[{"id":327722,"href":"https:\/\/archive.sana.sy\/tr\/index.php?rest_route=\/wp\/v2\/posts\/327720\/revisions\/327722"}],"wp:featuredmedia":[{"embeddable":true,"href":"https:\/\/archive.sana.sy\/tr\/index.php?rest_route=\/wp\/v2\/media\/327721"}],"wp:attachment":[{"href":"https:\/\/archive.sana.sy\/tr\/index.php?rest_route=%2Fwp%2Fv2%2Fmedia&parent=327720"}],"wp:term":[{"taxonomy":"category","embeddable":true,"href":"https:\/\/archive.sana.sy\/tr\/index.php?rest_route=%2Fwp%2Fv2%2Fcategories&post=327720"},{"taxonomy":"post_tag","embeddable":true,"href":"https:\/\/archive.sana.sy\/tr\/index.php?rest_route=%2Fwp%2Fv2%2Ftags&post=327720"}],"curies":[{"name":"wp","href":"https:\/\/api.w.org\/{rel}","templated":true}]}}