{"id":327727,"date":"2025-08-15T10:57:38","date_gmt":"2025-08-15T07:57:38","guid":{"rendered":"https:\/\/sana.sy\/tr\/?p=327727"},"modified":"2025-08-15T10:57:38","modified_gmt":"2025-08-15T07:57:38","slug":"suveyda-olaylarini-arastirma-ulusal-komitesi-herhangi-bir-ic-veya-dis-tarafa-resmi-bir-aciklama-yapmadik","status":"publish","type":"post","link":"https:\/\/archive.sana.sy\/tr\/?p=327727","title":{"rendered":"S\u00fcveyda Olaylar\u0131n\u0131 Ara\u015ft\u0131rma Ulusal Komitesi: Herhangi Bir \u0130\u00e7 veya D\u0131\u015f Tarafa Resm\u00ee Bir A\u00e7\u0131klama Yapmad\u0131k"},"content":{"rendered":"<p style=\"text-align: justify;\"><span style=\"color: #ff0000;\"><strong>\u015eAM (SANA) \u2013<\/strong><\/span> Suriye\u2019nin g\u00fcneyindeki S\u00fcveyda\u2019da meydana gelen son olaylar\u0131 ara\u015ft\u0131rmak \u00fczere kurulan Ulusal Komite\u2019nin resm\u00ee s\u00f6zc\u00fcs\u00fc Avukat Ammar Ezzeddin, komitenin kurulu\u015funun hemen ard\u0131ndan \u00e7al\u0131\u015fmalar\u0131na ba\u015flad\u0131\u011f\u0131n\u0131 ve bug\u00fcne kadar hi\u00e7bir i\u00e7 veya d\u0131\u015f tarafa soru\u015fturmalarla ilgili resm\u00ee bir a\u00e7\u0131klama yapmad\u0131\u011f\u0131n\u0131 belirtti.<\/p>\n<p style=\"text-align: justify;\">S\u00f6zc\u00fc, sosyal medya platformlar\u0131nda ve baz\u0131 medya organlar\u0131nda dola\u015f\u0131ma giren iddialara yan\u0131t olarak yapt\u0131\u011f\u0131 a\u00e7\u0131klamada, bu t\u00fcr payla\u015f\u0131mlar\u0131n \u201cas\u0131ls\u0131z\u201d oldu\u011funu vurgulad\u0131. Komiteye atfedilen bilgilerin \u201cger\u00e7ek d\u0131\u015f\u0131\u201d ve \u201cmesleki standartlara uygun olmad\u0131\u011f\u0131n\u0131\u201d ifade etti.<\/p>\n<p style=\"text-align: justify;\">Ayr\u0131ca s\u00f6zc\u00fc, komitenin yak\u0131n zamanda bir bas\u0131n toplant\u0131s\u0131 d\u00fczenlemeye haz\u0131rland\u0131\u011f\u0131n\u0131, bu toplant\u0131da \u00e7al\u0131\u015fmalar\u0131n\u0131n genel seyrini ve gelecek a\u015famadaki planlar\u0131n\u0131 kamuoyuyla payla\u015facaklar\u0131n\u0131 duyurdu.<\/p>\n<p style=\"text-align: justify;\">Suriye Adalet Bakanl\u0131\u011f\u0131, ge\u00e7en ay\u0131n 31\u2019inde S\u00fcveyda\u2019da meydana gelen son olaylarla ilgili soru\u015fturma y\u00fcr\u00fctmek \u00fczere bir komite kuruldu\u011funu a\u00e7\u0131klam\u0131\u015ft\u0131. Bu ad\u0131m; 1961 tarihli ve 98 say\u0131l\u0131 Yarg\u0131 Yetkisi Yasas\u0131, bu yasada yap\u0131lan de\u011fi\u015fiklikler, 2025 tarihli ve 9 say\u0131l\u0131 Cumhurba\u015fkanl\u0131\u011f\u0131 Karar\u0131 ile Cumhurba\u015fkanl\u0131\u011f\u0131\u2019n\u0131n ger\u00e7e\u011fin ortaya \u00e7\u0131kar\u0131lmas\u0131 ve hesap verebilirli\u011fin sa\u011flanmas\u0131 y\u00f6n\u00fcndeki talimatlar\u0131 do\u011frultusunda ve ulusal \u00e7\u0131karlar gere\u011fince at\u0131lm\u0131\u015ft\u0131.<\/p>\n","protected":false},"excerpt":{"rendered":"<p>\u015eAM (SANA) \u2013 Suriye\u2019nin g\u00fcneyindeki S\u00fcveyda\u2019da meydana gelen son olaylar\u0131 ara\u015ft\u0131rmak \u00fczere kurulan Ulusal Komite\u2019nin resm\u00ee s\u00f6zc\u00fcs\u00fc Avukat Ammar Ezzeddin, komitenin kurulu\u015funun hemen ard\u0131ndan \u00e7al\u0131\u015fmalar\u0131na ba\u015flad\u0131\u011f\u0131n\u0131 ve bug\u00fcne kadar hi\u00e7bir i\u00e7 veya d\u0131\u015f tarafa soru\u015fturmalarla ilgili resm\u00ee bir a\u00e7\u0131klama yapmad\u0131\u011f\u0131n\u0131 belirtti. S\u00f6zc\u00fc, sosyal medya platformlar\u0131nda ve baz\u0131 medya organlar\u0131nda dola\u015f\u0131ma giren iddialara yan\u0131t olarak yapt\u0131\u011f\u0131 &hellip;<\/p>\n","protected":false},"author":44,"featured_media":327728,"comment_status":"closed","ping_status":"closed","sticky":false,"template":"","format":"standard","meta":{"footnotes":""},"categories":[589,479,17988,478],"tags":[44196],"class_list":["post-327727","post","type-post","status-publish","format-standard","has-post-thumbnail","","category-haber-seridi","category-haberler-yerel","category-son-haberler","category-yerel","tag-suveyda-olaylarini-arastirma-ulusal-komitesi-herhangi-bir-ic-veya-dis-tarafa-resmi-bir-aciklama-yapmadik"],"_links":{"self":[{"href":"https:\/\/archive.sana.sy\/tr\/index.php?rest_route=\/wp\/v2\/posts\/327727","targetHints":{"allow":["GET"]}}],"collection":[{"href":"https:\/\/archive.sana.sy\/tr\/index.php?rest_route=\/wp\/v2\/posts"}],"about":[{"href":"https:\/\/archive.sana.sy\/tr\/index.php?rest_route=\/wp\/v2\/types\/post"}],"author":[{"embeddable":true,"href":"https:\/\/archive.sana.sy\/tr\/index.php?rest_route=\/wp\/v2\/users\/44"}],"replies":[{"embeddable":true,"href":"https:\/\/archive.sana.sy\/tr\/index.php?rest_route=%2Fwp%2Fv2%2Fcomments&post=327727"}],"version-history":[{"count":1,"href":"https:\/\/archive.sana.sy\/tr\/index.php?rest_route=\/wp\/v2\/posts\/327727\/revisions"}],"predecessor-version":[{"id":327729,"href":"https:\/\/archive.sana.sy\/tr\/index.php?rest_route=\/wp\/v2\/posts\/327727\/revisions\/327729"}],"wp:featuredmedia":[{"embeddable":true,"href":"https:\/\/archive.sana.sy\/tr\/index.php?rest_route=\/wp\/v2\/media\/327728"}],"wp:attachment":[{"href":"https:\/\/archive.sana.sy\/tr\/index.php?rest_route=%2Fwp%2Fv2%2Fmedia&parent=327727"}],"wp:term":[{"taxonomy":"category","embeddable":true,"href":"https:\/\/archive.sana.sy\/tr\/index.php?rest_route=%2Fwp%2Fv2%2Fcategories&post=327727"},{"taxonomy":"post_tag","embeddable":true,"href":"https:\/\/archive.sana.sy\/tr\/index.php?rest_route=%2Fwp%2Fv2%2Ftags&post=327727"}],"curies":[{"name":"wp","href":"https:\/\/api.w.org\/{rel}","templated":true}]}}