{"id":327730,"date":"2025-08-15T12:02:21","date_gmt":"2025-08-15T09:02:21","guid":{"rendered":"https:\/\/sana.sy\/tr\/?p=327730"},"modified":"2025-08-15T12:02:21","modified_gmt":"2025-08-15T09:02:21","slug":"pakistan-samda-78-bagimsizlik-yildonumunu-kutladi","status":"publish","type":"post","link":"https:\/\/archive.sana.sy\/tr\/?p=327730","title":{"rendered":"Pakistan, \u015eam\u2019da 78. Ba\u011f\u0131ms\u0131zl\u0131k Y\u0131ld\u00f6n\u00fcm\u00fcn\u00fc Kutlad\u0131"},"content":{"rendered":"<p style=\"text-align: justify;\"><span style=\"color: #ff0000;\"><strong>\u015eAM (SANA) \u2013<\/strong><\/span> Pakistan Cumhuriyeti B\u00fcy\u00fckel\u00e7ili\u011fi, bu ak\u015fam \u015eam\u2019daki Golden Mazze Oteli\u2019nde 78. Ba\u011f\u0131ms\u0131zl\u0131k Y\u0131ld\u00f6n\u00fcm\u00fc vesilesiyle bir resepsiyon d\u00fczenledi.<\/p>\n<p style=\"text-align: justify;\">B\u00fcy\u00fckel\u00e7ilik Ba\u015fkatibi Say\u0131n \u00d6mer Hayat Han, konu\u015fmas\u0131nda bu g\u00fcn\u00fcn Pakistan halk\u0131n\u0131n kalbinde \u00f6zel bir yere sahip oldu\u011funu belirterek, uzun ve tarihi bir \u00f6zg\u00fcrl\u00fck m\u00fccadelesinin ard\u0131ndan 14 A\u011fustos 1947\u2019de Pakistan devletinin kuruldu\u011funu hat\u0131rlatt\u0131. \u00dclkesinin \u00e7e\u015fitli alanlarda kat etti\u011fi a\u015famalara ve sahip oldu\u011fu do\u011fal, ekonomik ve di\u011fer avantajlara de\u011findi.<\/p>\n<p style=\"text-align: justify;\">\u00d6mer Hayat Han, devrik rejim alt\u0131nda y\u0131llarca s\u00fcren bask\u0131 ve zorluklar\u0131n ard\u0131ndan Suriye halk\u0131n\u0131 kazand\u0131klar\u0131 zafer ve \u00f6zg\u00fcrl\u00fckleri dolay\u0131s\u0131yla tebrik etti. Pakistan\u2019\u0131n Suriye\u2019yi karde\u015f bir \u00fclke olarak g\u00f6rd\u00fc\u011f\u00fcn\u00fc ve bar\u0131\u015f\u0131n sa\u011flanmas\u0131 i\u00e7in aktif rol oynad\u0131\u011f\u0131n\u0131 vurgulad\u0131.<\/p>\n<p style=\"text-align: justify;\">\u00dclkesi ad\u0131na t\u00fcm devletlerin toprak b\u00fct\u00fcnl\u00fc\u011f\u00fc, ba\u011f\u0131ms\u0131zl\u0131\u011f\u0131 ve egemenli\u011fine, \u00f6zellikle de Suriye\u2019ye olan inan\u00e7lar\u0131n\u0131 dile getirerek, d\u0131\u015f m\u00fcdahaleleri \u015fiddetle k\u0131nad\u0131klar\u0131n\u0131 belirtti.<\/p>\n<p style=\"text-align: justify;\">Pakistan\u2019\u0131n Suriye Arap Cumhuriyeti h\u00fck\u00fcmeti, Say\u0131n Cumhurba\u015fkan\u0131 Ahmed El-\u015eara liderli\u011findeki y\u00f6netim ve dost Suriye halk\u0131yla yak\u0131n i\u015fbirli\u011fi ve koordinasyon i\u00e7inde \u00e7al\u0131\u015ft\u0131\u011f\u0131n\u0131 ve yeni h\u00fck\u00fcmete tam destek verdi\u011fini ifade etti.<\/p>\n<p style=\"text-align: justify;\">E\u011fitim, sa\u011fl\u0131k ve di\u011fer \u00f6nemli sekt\u00f6rlerde i\u015fbirli\u011fi i\u00e7in bir\u00e7ok olumlu giri\u015fime Pakistan\u2019\u0131n kat\u0131ld\u0131\u011f\u0131n\u0131 aktaran Han, iki \u00fclke aras\u0131ndaki heyet ziyaretleri, d\u00fczenli ileti\u015fim ve mesaj al\u0131\u015fveri\u015flerinin karde\u015flik ili\u015fkilerinin g\u00fcc\u00fcn\u00fc yans\u0131tt\u0131\u011f\u0131n\u0131 dile getirdi.<\/p>\n<p style=\"text-align: justify;\">Suriye\u2019nin en k\u0131sa s\u00fcrede, ko\u015fulsuz ve tam bir bar\u0131\u015f ile refaha kavu\u015fmas\u0131n\u0131 temenni eden Han, Pakistan\u2019\u0131n Suriye\u2019nin t\u00fcm alanlardaki istikrar\u0131na yap\u0131c\u0131 katk\u0131lar sunmaya devam edece\u011fini ve uluslararas\u0131 toplumu, \u00fclkenin birli\u011fine sayg\u0131 duyan ve t\u00fcm Suriyelilerin haklar\u0131n\u0131 koruyan temeller \u00fczerine in\u015fa edilecek yeniden imar \u00e7abalar\u0131n\u0131 desteklemeye \u00e7a\u011f\u0131rd\u0131.<\/p>\n<p style=\"text-align: justify;\">Suriye Arap Cumhuriyeti Vak\u0131flar Bakan\u0131 Dr. Muhammed Ebu El-Hayr \u015eukri ise konu\u015fmas\u0131nda, halklar\u0131n \u00f6zg\u00fcrl\u00fck ve onur m\u00fccadelesinde benzerlikler ta\u015f\u0131d\u0131\u011f\u0131n\u0131, insan de\u011ferinin ve \u00f6zg\u00fcrl\u00fck hakk\u0131n\u0131n onlar\u0131 birle\u015ftirdi\u011fini belirtti. Hi\u00e7bir halk\u0131n ezilemeyece\u011fini, t\u0131pk\u0131 Allah\u2019\u0131n g\u00fcc\u00fcn\u00fcn yenilmez oldu\u011fu gibi, halklar\u0131n g\u00fcc\u00fcn\u00fcn de Allah\u2019tan kaynakland\u0131\u011f\u0131n\u0131 vurgulad\u0131.<\/p>\n<p style=\"text-align: justify;\">Suriye Arap Cumhuriyeti Vak\u0131flar Bakanl\u0131\u011f\u0131, di\u011fer bakanlar, yetkililer, cumhurba\u015fkan\u0131 ve h\u00fck\u00fcmet ad\u0131na Pakistan halk\u0131n\u0131 tebrik etti; kal\u0131c\u0131 \u00f6zg\u00fcrl\u00fck ve ilerleme temennisinde bulunarak, bar\u0131\u015f, dayan\u0131\u015fma ve tam insan \u00f6zg\u00fcrl\u00fc\u011f\u00fc yolunda yan yana durduklar\u0131n\u0131 ifade etti.<\/p>\n<p style=\"text-align: justify;\">Resepsiyona Sosyal \u0130\u015fler ve \u00c7al\u0131\u015fma Bakan\u0131 Hind K\u0131bvat, \u015eam Valisi Mahir Marvan, Suriye Merkez Bankas\u0131 Ba\u015fkan\u0131 Dr. Abdulkadir El-Hasriye, \u00e7ok say\u0131da Suriyeli yetkili, b\u00fcy\u00fckel\u00e7iler, \u015eam\u2019da g\u00f6rev yapan diplomatik misyon ba\u015fkanlar\u0131 ve \u00e7e\u015fitli sekt\u00f6rlerden temsilciler kat\u0131ld\u0131.<\/p>\n<div id='gallery-1' class='gallery galleryid-327730 gallery-columns-3 gallery-size-large'><figure class='gallery-item'>\n\t\t\t<div class='gallery-icon landscape'>\n\t\t\t\t<a href='https:\/\/archive.sana.sy\/tr\/?attachment_id=327732'><img loading=\"lazy\" decoding=\"async\" width=\"618\" height=\"408\" src=\"https:\/\/archive.sana.sy\/tr\/wp-content\/uploads\/2025\/08\/2L3A7857-scaled-1-1024x676.jpg\" class=\"attachment-large size-large\" alt=\"\" srcset=\"https:\/\/archive.sana.sy\/tr\/wp-content\/uploads\/2025\/08\/2L3A7857-scaled-1-1024x676.jpg 1024w, https:\/\/archive.sana.sy\/tr\/wp-content\/uploads\/2025\/08\/2L3A7857-scaled-1-300x198.jpg 300w, https:\/\/archive.sana.sy\/tr\/wp-content\/uploads\/2025\/08\/2L3A7857-scaled-1-768x507.jpg 768w, https:\/\/archive.sana.sy\/tr\/wp-content\/uploads\/2025\/08\/2L3A7857-scaled-1-1536x1013.jpg 1536w, https:\/\/archive.sana.sy\/tr\/wp-content\/uploads\/2025\/08\/2L3A7857-scaled-1-2048x1351.jpg 2048w, https:\/\/archive.sana.sy\/tr\/wp-content\/uploads\/2025\/08\/2L3A7857-scaled-1-310x205.jpg 310w\" sizes=\"auto, (max-width: 618px) 100vw, 618px\" \/><\/a>\n\t\t\t<\/div><\/figure><figure class='gallery-item'>\n\t\t\t<div class='gallery-icon landscape'>\n\t\t\t\t<a href='https:\/\/archive.sana.sy\/tr\/?attachment_id=327733'><img loading=\"lazy\" decoding=\"async\" width=\"618\" height=\"414\" src=\"https:\/\/archive.sana.sy\/tr\/wp-content\/uploads\/2025\/08\/2L3A7868-scaled-1-1024x686.jpg\" class=\"attachment-large size-large\" alt=\"\" srcset=\"https:\/\/archive.sana.sy\/tr\/wp-content\/uploads\/2025\/08\/2L3A7868-scaled-1-1024x686.jpg 1024w, https:\/\/archive.sana.sy\/tr\/wp-content\/uploads\/2025\/08\/2L3A7868-scaled-1-300x201.jpg 300w, https:\/\/archive.sana.sy\/tr\/wp-content\/uploads\/2025\/08\/2L3A7868-scaled-1-768x514.jpg 768w, https:\/\/archive.sana.sy\/tr\/wp-content\/uploads\/2025\/08\/2L3A7868-scaled-1-1536x1028.jpg 1536w, https:\/\/archive.sana.sy\/tr\/wp-content\/uploads\/2025\/08\/2L3A7868-scaled-1-2048x1371.jpg 2048w, https:\/\/archive.sana.sy\/tr\/wp-content\/uploads\/2025\/08\/2L3A7868-scaled-1-110x75.jpg 110w\" sizes=\"auto, (max-width: 618px) 100vw, 618px\" \/><\/a>\n\t\t\t<\/div><\/figure><figure class='gallery-item'>\n\t\t\t<div class='gallery-icon landscape'>\n\t\t\t\t<a href='https:\/\/archive.sana.sy\/tr\/?attachment_id=327734'><img loading=\"lazy\" decoding=\"async\" width=\"618\" height=\"388\" src=\"https:\/\/archive.sana.sy\/tr\/wp-content\/uploads\/2025\/08\/2L3A7892.png\" class=\"attachment-large size-large\" alt=\"\" srcset=\"https:\/\/archive.sana.sy\/tr\/wp-content\/uploads\/2025\/08\/2L3A7892.png 660w, https:\/\/archive.sana.sy\/tr\/wp-content\/uploads\/2025\/08\/2L3A7892-300x188.png 300w\" sizes=\"auto, (max-width: 618px) 100vw, 618px\" \/><\/a>\n\t\t\t<\/div><\/figure><figure class='gallery-item'>\n\t\t\t<div class='gallery-icon landscape'>\n\t\t\t\t<a href='https:\/\/archive.sana.sy\/tr\/?attachment_id=327735'><img loading=\"lazy\" decoding=\"async\" width=\"618\" height=\"399\" src=\"https:\/\/archive.sana.sy\/tr\/wp-content\/uploads\/2025\/08\/2L3A7895.png\" class=\"attachment-large size-large\" alt=\"\" srcset=\"https:\/\/archive.sana.sy\/tr\/wp-content\/uploads\/2025\/08\/2L3A7895.png 660w, https:\/\/archive.sana.sy\/tr\/wp-content\/uploads\/2025\/08\/2L3A7895-300x194.png 300w\" sizes=\"auto, (max-width: 618px) 100vw, 618px\" \/><\/a>\n\t\t\t<\/div><\/figure><figure class='gallery-item'>\n\t\t\t<div class='gallery-icon landscape'>\n\t\t\t\t<a href='https:\/\/archive.sana.sy\/tr\/?attachment_id=327736'><img loading=\"lazy\" decoding=\"async\" width=\"618\" height=\"389\" src=\"https:\/\/archive.sana.sy\/tr\/wp-content\/uploads\/2025\/08\/2L3A7948.png\" class=\"attachment-large size-large\" alt=\"\" srcset=\"https:\/\/archive.sana.sy\/tr\/wp-content\/uploads\/2025\/08\/2L3A7948.png 660w, https:\/\/archive.sana.sy\/tr\/wp-content\/uploads\/2025\/08\/2L3A7948-300x189.png 300w\" sizes=\"auto, (max-width: 618px) 100vw, 618px\" \/><\/a>\n\t\t\t<\/div><\/figure><figure class='gallery-item'>\n\t\t\t<div class='gallery-icon landscape'>\n\t\t\t\t<a href='https:\/\/archive.sana.sy\/tr\/?attachment_id=327737'><img loading=\"lazy\" decoding=\"async\" width=\"618\" height=\"367\" src=\"https:\/\/archive.sana.sy\/tr\/wp-content\/uploads\/2025\/08\/2L3A7960.png\" class=\"attachment-large size-large\" alt=\"\" srcset=\"https:\/\/archive.sana.sy\/tr\/wp-content\/uploads\/2025\/08\/2L3A7960.png 660w, https:\/\/archive.sana.sy\/tr\/wp-content\/uploads\/2025\/08\/2L3A7960-300x178.png 300w\" sizes=\"auto, (max-width: 618px) 100vw, 618px\" \/><\/a>\n\t\t\t<\/div><\/figure>\n\t\t<\/div>\n\n","protected":false},"excerpt":{"rendered":"<p>\u015eAM (SANA) \u2013 Pakistan Cumhuriyeti B\u00fcy\u00fckel\u00e7ili\u011fi, bu ak\u015fam \u015eam\u2019daki Golden Mazze Oteli\u2019nde 78. Ba\u011f\u0131ms\u0131zl\u0131k Y\u0131ld\u00f6n\u00fcm\u00fc vesilesiyle bir resepsiyon d\u00fczenledi. B\u00fcy\u00fckel\u00e7ilik Ba\u015fkatibi Say\u0131n \u00d6mer Hayat Han, konu\u015fmas\u0131nda bu g\u00fcn\u00fcn Pakistan halk\u0131n\u0131n kalbinde \u00f6zel bir yere sahip oldu\u011funu belirterek, uzun ve tarihi bir \u00f6zg\u00fcrl\u00fck m\u00fccadelesinin ard\u0131ndan 14 A\u011fustos 1947\u2019de Pakistan devletinin kuruldu\u011funu hat\u0131rlatt\u0131. \u00dclkesinin \u00e7e\u015fitli alanlarda kat &hellip;<\/p>\n","protected":false},"author":44,"featured_media":327731,"comment_status":"closed","ping_status":"closed","sticky":false,"template":"","format":"standard","meta":{"footnotes":""},"categories":[589,479,17988,478],"tags":[7467,44197],"class_list":["post-327730","post","type-post","status-publish","format-standard","has-post-thumbnail","","category-haber-seridi","category-haberler-yerel","category-son-haberler","category-yerel","tag-pakistan","tag-samda-78-bagimsizlik-yildonumunu-kutladi"],"_links":{"self":[{"href":"https:\/\/archive.sana.sy\/tr\/index.php?rest_route=\/wp\/v2\/posts\/327730","targetHints":{"allow":["GET"]}}],"collection":[{"href":"https:\/\/archive.sana.sy\/tr\/index.php?rest_route=\/wp\/v2\/posts"}],"about":[{"href":"https:\/\/archive.sana.sy\/tr\/index.php?rest_route=\/wp\/v2\/types\/post"}],"author":[{"embeddable":true,"href":"https:\/\/archive.sana.sy\/tr\/index.php?rest_route=\/wp\/v2\/users\/44"}],"replies":[{"embeddable":true,"href":"https:\/\/archive.sana.sy\/tr\/index.php?rest_route=%2Fwp%2Fv2%2Fcomments&post=327730"}],"version-history":[{"count":1,"href":"https:\/\/archive.sana.sy\/tr\/index.php?rest_route=\/wp\/v2\/posts\/327730\/revisions"}],"predecessor-version":[{"id":327738,"href":"https:\/\/archive.sana.sy\/tr\/index.php?rest_route=\/wp\/v2\/posts\/327730\/revisions\/327738"}],"wp:featuredmedia":[{"embeddable":true,"href":"https:\/\/archive.sana.sy\/tr\/index.php?rest_route=\/wp\/v2\/media\/327731"}],"wp:attachment":[{"href":"https:\/\/archive.sana.sy\/tr\/index.php?rest_route=%2Fwp%2Fv2%2Fmedia&parent=327730"}],"wp:term":[{"taxonomy":"category","embeddable":true,"href":"https:\/\/archive.sana.sy\/tr\/index.php?rest_route=%2Fwp%2Fv2%2Fcategories&post=327730"},{"taxonomy":"post_tag","embeddable":true,"href":"https:\/\/archive.sana.sy\/tr\/index.php?rest_route=%2Fwp%2Fv2%2Ftags&post=327730"}],"curies":[{"name":"wp","href":"https:\/\/api.w.org\/{rel}","templated":true}]}}