{"id":327739,"date":"2025-08-15T12:46:03","date_gmt":"2025-08-15T09:46:03","guid":{"rendered":"https:\/\/sana.sy\/tr\/?p=327739"},"modified":"2025-08-15T12:46:03","modified_gmt":"2025-08-15T09:46:03","slug":"turkiyeden-israilin-kudusteki-yerlesim-hamlesine-sert-tepki","status":"publish","type":"post","link":"https:\/\/archive.sana.sy\/tr\/?p=327739","title":{"rendered":"T\u00fcrkiye\u2019den \u0130srail\u2019in Kud\u00fcs\u2019teki Yerle\u015fim Hamlesine Sert Tepki"},"content":{"rendered":"<p><span style=\"color: #ff0000;\"><strong>ANKARA (SANA) \u2013<\/strong><\/span> T\u00fcrkiye, \u0130srail i\u015fgal makamlar\u0131n\u0131n i\u015fgal alt\u0131ndaki Kud\u00fcs \u00e7evresinde yeni yerle\u015fim birimleri in\u015fas\u0131na onay vermesini, Bat\u0131 \u015eeria\u2019y\u0131 Kud\u00fcs\u2019ten ay\u0131rmaya y\u00f6nelik bir ad\u0131m olarak nitelendirerek sert \u015fekilde k\u0131nad\u0131.<\/p>\n<p>D\u0131\u015fi\u015fleri Bakanl\u0131\u011f\u0131, bug\u00fcn resm\u00ee internet sitesinde yay\u0131mlad\u0131\u011f\u0131 a\u00e7\u0131klamada, \u201cBu uygulamalar, uluslararas\u0131 hukuku ve Birle\u015fmi\u015f Milletler kararlar\u0131n\u0131 yok saymakta; Filistin devletinin toprak b\u00fct\u00fcnl\u00fc\u011f\u00fcn\u00fc, iki devletli \u00e7\u00f6z\u00fcm\u00fcn temelini ve kal\u0131c\u0131 bar\u0131\u015f umudunu hedef almaktad\u0131r\u201d ifadelerine yer verdi.<\/p>\n<p>A\u00e7\u0131klamada ayr\u0131ca, \u201c1967 s\u0131n\u0131rlar\u0131 temelinde, co\u011frafi olarak b\u00fct\u00fcnle\u015fmi\u015f, ba\u011f\u0131ms\u0131z ve egemen, ba\u015fkenti Do\u011fu Kud\u00fcs olan tam te\u015fekk\u00fcll\u00fc bir Filistin devletinin kurulmas\u0131, b\u00f6lgede adil ve kal\u0131c\u0131 bar\u0131\u015f\u0131n sa\u011flanmas\u0131n\u0131n tek yoludur\u201d denilerek, T\u00fcrkiye\u2019nin Filistin halk\u0131n\u0131n hakl\u0131 davas\u0131na ve kararl\u0131 m\u00fccadelesine deste\u011fini s\u00fcrd\u00fcrece\u011fi vurguland\u0131.<\/p>\n<p>\u00d6te yandan, i\u015fgal makamlar\u0131n\u0131n Maliye Bakan\u0131 daha \u00f6nce yapt\u0131\u011f\u0131 a\u00e7\u0131klamada, \u201c20 y\u0131l\u0131 a\u015fk\u0131n bir ertelemenin ard\u0131ndan Maale Adumim yerle\u015fimini i\u015fgal alt\u0131ndaki Kud\u00fcs \u015fehriyle ba\u011flayacak yerle\u015fim program\u0131n\u0131n ba\u015flat\u0131ld\u0131\u011f\u0131n\u0131\u201d duyurmu\u015f; \u0130srail h\u00fck\u00fcmetinin, binlerce d\u00f6n\u00fcm araziyi kamula\u015ft\u0131rarak ve milyarlarca dolar harcayarak Bat\u0131 \u015eeria\u2019ya bir milyon \u0130srailli yerle\u015fimci getirmeyi hedefledi\u011fini ifade etmi\u015fti.<\/p>\n","protected":false},"excerpt":{"rendered":"<p>ANKARA (SANA) \u2013 T\u00fcrkiye, \u0130srail i\u015fgal makamlar\u0131n\u0131n i\u015fgal alt\u0131ndaki Kud\u00fcs \u00e7evresinde yeni yerle\u015fim birimleri in\u015fas\u0131na onay vermesini, Bat\u0131 \u015eeria\u2019y\u0131 Kud\u00fcs\u2019ten ay\u0131rmaya y\u00f6nelik bir ad\u0131m olarak nitelendirerek sert \u015fekilde k\u0131nad\u0131. D\u0131\u015fi\u015fleri Bakanl\u0131\u011f\u0131, bug\u00fcn resm\u00ee internet sitesinde yay\u0131mlad\u0131\u011f\u0131 a\u00e7\u0131klamada, \u201cBu uygulamalar, uluslararas\u0131 hukuku ve Birle\u015fmi\u015f Milletler kararlar\u0131n\u0131 yok saymakta; Filistin devletinin toprak b\u00fct\u00fcnl\u00fc\u011f\u00fcn\u00fc, iki devletli \u00e7\u00f6z\u00fcm\u00fcn temelini &hellip;<\/p>\n","protected":false},"author":44,"featured_media":327740,"comment_status":"closed","ping_status":"closed","sticky":false,"template":"","format":"standard","meta":{"footnotes":""},"categories":[458,589,459,17988],"tags":[44198],"class_list":["post-327739","post","type-post","status-publish","format-standard","has-post-thumbnail","","category-dunya1","category-haber-seridi","category-haberler-arap-uluslararasi-politika","category-son-haberler","tag-turkiyeden-israilin-kudusteki-yerlesim-hamlesine-sert-tepki"],"_links":{"self":[{"href":"https:\/\/archive.sana.sy\/tr\/index.php?rest_route=\/wp\/v2\/posts\/327739","targetHints":{"allow":["GET"]}}],"collection":[{"href":"https:\/\/archive.sana.sy\/tr\/index.php?rest_route=\/wp\/v2\/posts"}],"about":[{"href":"https:\/\/archive.sana.sy\/tr\/index.php?rest_route=\/wp\/v2\/types\/post"}],"author":[{"embeddable":true,"href":"https:\/\/archive.sana.sy\/tr\/index.php?rest_route=\/wp\/v2\/users\/44"}],"replies":[{"embeddable":true,"href":"https:\/\/archive.sana.sy\/tr\/index.php?rest_route=%2Fwp%2Fv2%2Fcomments&post=327739"}],"version-history":[{"count":1,"href":"https:\/\/archive.sana.sy\/tr\/index.php?rest_route=\/wp\/v2\/posts\/327739\/revisions"}],"predecessor-version":[{"id":327741,"href":"https:\/\/archive.sana.sy\/tr\/index.php?rest_route=\/wp\/v2\/posts\/327739\/revisions\/327741"}],"wp:featuredmedia":[{"embeddable":true,"href":"https:\/\/archive.sana.sy\/tr\/index.php?rest_route=\/wp\/v2\/media\/327740"}],"wp:attachment":[{"href":"https:\/\/archive.sana.sy\/tr\/index.php?rest_route=%2Fwp%2Fv2%2Fmedia&parent=327739"}],"wp:term":[{"taxonomy":"category","embeddable":true,"href":"https:\/\/archive.sana.sy\/tr\/index.php?rest_route=%2Fwp%2Fv2%2Fcategories&post=327739"},{"taxonomy":"post_tag","embeddable":true,"href":"https:\/\/archive.sana.sy\/tr\/index.php?rest_route=%2Fwp%2Fv2%2Ftags&post=327739"}],"curies":[{"name":"wp","href":"https:\/\/api.w.org\/{rel}","templated":true}]}}