{"id":327742,"date":"2025-08-15T13:10:03","date_gmt":"2025-08-15T10:10:03","guid":{"rendered":"https:\/\/sana.sy\/tr\/?p=327742"},"modified":"2025-08-15T13:43:04","modified_gmt":"2025-08-15T10:43:04","slug":"savunma-bakanligi-sahil-bolgesinde-guvenlik-ve-istikrari-bozmaya-yonelik-girisimlere-karsi-uyardi","status":"publish","type":"post","link":"https:\/\/archive.sana.sy\/tr\/?p=327742","title":{"rendered":"Savunma Bakanl\u0131\u011f\u0131, Sahil B\u00f6lgesi\u2019nde G\u00fcvenlik ve \u0130stikrar\u0131 Bozmaya Y\u00f6nelik Giri\u015fimlere Kar\u015f\u0131 Uyard\u0131"},"content":{"rendered":"<p style=\"text-align: justify;\"><span style=\"color: #ff0000;\"><strong>LAZK\u0130YE (SANA) \u2013<\/strong><\/span> Suriye Savunma Bakanl\u0131\u011f\u0131 \u0130leti\u015fim ve Medya M\u00fcd\u00fcrl\u00fc\u011f\u00fc, SANA\u2019ya yapt\u0131\u011f\u0131 a\u00e7\u0131klamada, son \u00fc\u00e7 g\u00fcnd\u00fcr devrik rejim unsurlar\u0131n\u0131n sald\u0131r\u0131lar\u0131n\u0131n artt\u0131\u011f\u0131n\u0131, hedeflerinin ise Lazkiye ve Tartus k\u0131rsal\u0131ndaki ordu g\u00fc\u00e7leri oldu\u011funu bildirdi.<\/p>\n<p style=\"text-align: justify;\">Bakanl\u0131k, Suriye halk\u0131n\u0131n t\u00fcm kesimlerini koruma ve i\u00e7 bar\u0131\u015f\u0131 sa\u011flama g\u00f6revini s\u00fcrd\u00fcrd\u00fc\u011f\u00fcn\u00fc vurgulayarak, ordu g\u00fc\u00e7lerine veya sivillere y\u00f6nelik herhangi bir sald\u0131r\u0131ya asla ho\u015fg\u00f6r\u00fc g\u00f6stermeyece\u011fini belirtti ve devrik rejim unsurlar\u0131n\u0131 Sahil B\u00f6lgesi\u2019ndeki g\u00fcvenlik ve istikrar\u0131 bozma giri\u015fimlerinden vazge\u00e7meleri konusunda uyard\u0131.<\/p>\n<p style=\"text-align: justify;\">A\u00e7\u0131klamada ayr\u0131ca, son d\u00f6nemde Sahil B\u00f6lgesi\u2019nde ordu ve genel g\u00fcvenlik birimlerinin k\u0131rsal ve s\u0131n\u0131r b\u00f6lgelerdeki konu\u015flanmas\u0131n\u0131n art\u0131r\u0131lmas\u0131yla istikrar ortam\u0131n\u0131n g\u00fc\u00e7lendi\u011fi ifade edildi. Bu ad\u0131mlar\u0131n, b\u00f6lgede kaos yaratmaya ve durumu istikrars\u0131zla\u015ft\u0131rmaya \u00e7al\u0131\u015fan devrik rejim unsurlar\u0131n\u0131 ortadan kald\u0131rma \u00e7abalar\u0131n\u0131n bir par\u00e7as\u0131 olarak devam etti\u011fi kaydedildi.<\/p>\n","protected":false},"excerpt":{"rendered":"<p>LAZK\u0130YE (SANA) \u2013 Suriye Savunma Bakanl\u0131\u011f\u0131 \u0130leti\u015fim ve Medya M\u00fcd\u00fcrl\u00fc\u011f\u00fc, SANA\u2019ya yapt\u0131\u011f\u0131 a\u00e7\u0131klamada, son \u00fc\u00e7 g\u00fcnd\u00fcr devrik rejim unsurlar\u0131n\u0131n sald\u0131r\u0131lar\u0131n\u0131n artt\u0131\u011f\u0131n\u0131, hedeflerinin ise Lazkiye ve Tartus k\u0131rsal\u0131ndaki ordu g\u00fc\u00e7leri oldu\u011funu bildirdi. Bakanl\u0131k, Suriye halk\u0131n\u0131n t\u00fcm kesimlerini koruma ve i\u00e7 bar\u0131\u015f\u0131 sa\u011flama g\u00f6revini s\u00fcrd\u00fcrd\u00fc\u011f\u00fcn\u00fc vurgulayarak, ordu g\u00fc\u00e7lerine veya sivillere y\u00f6nelik herhangi bir sald\u0131r\u0131ya asla ho\u015fg\u00f6r\u00fc g\u00f6stermeyece\u011fini &hellip;<\/p>\n","protected":false},"author":44,"featured_media":327754,"comment_status":"closed","ping_status":"closed","sticky":false,"template":"","format":"standard","meta":{"footnotes":""},"categories":[589,479,17988,478],"tags":[44199,30256],"class_list":["post-327742","post","type-post","status-publish","format-standard","has-post-thumbnail","","category-haber-seridi","category-haberler-yerel","category-son-haberler","category-yerel","tag-sahil-bolgesinde-guvenlik-ve-istikrari-bozmaya-yonelik-girisimlere-karsi-uyardi","tag-savunma-bakanligi"],"_links":{"self":[{"href":"https:\/\/archive.sana.sy\/tr\/index.php?rest_route=\/wp\/v2\/posts\/327742","targetHints":{"allow":["GET"]}}],"collection":[{"href":"https:\/\/archive.sana.sy\/tr\/index.php?rest_route=\/wp\/v2\/posts"}],"about":[{"href":"https:\/\/archive.sana.sy\/tr\/index.php?rest_route=\/wp\/v2\/types\/post"}],"author":[{"embeddable":true,"href":"https:\/\/archive.sana.sy\/tr\/index.php?rest_route=\/wp\/v2\/users\/44"}],"replies":[{"embeddable":true,"href":"https:\/\/archive.sana.sy\/tr\/index.php?rest_route=%2Fwp%2Fv2%2Fcomments&post=327742"}],"version-history":[{"count":1,"href":"https:\/\/archive.sana.sy\/tr\/index.php?rest_route=\/wp\/v2\/posts\/327742\/revisions"}],"predecessor-version":[{"id":327744,"href":"https:\/\/archive.sana.sy\/tr\/index.php?rest_route=\/wp\/v2\/posts\/327742\/revisions\/327744"}],"wp:featuredmedia":[{"embeddable":true,"href":"https:\/\/archive.sana.sy\/tr\/index.php?rest_route=\/wp\/v2\/media\/327754"}],"wp:attachment":[{"href":"https:\/\/archive.sana.sy\/tr\/index.php?rest_route=%2Fwp%2Fv2%2Fmedia&parent=327742"}],"wp:term":[{"taxonomy":"category","embeddable":true,"href":"https:\/\/archive.sana.sy\/tr\/index.php?rest_route=%2Fwp%2Fv2%2Fcategories&post=327742"},{"taxonomy":"post_tag","embeddable":true,"href":"https:\/\/archive.sana.sy\/tr\/index.php?rest_route=%2Fwp%2Fv2%2Ftags&post=327742"}],"curies":[{"name":"wp","href":"https:\/\/api.w.org\/{rel}","templated":true}]}}