{"id":327797,"date":"2025-08-16T10:26:47","date_gmt":"2025-08-16T07:26:47","guid":{"rendered":"https:\/\/sana.sy\/tr\/?p=327797"},"modified":"2025-08-16T11:38:32","modified_gmt":"2025-08-16T08:38:32","slug":"arap-ve-islam-ulkelerinden-netanyahuya-ve-israilin-yerlesim-planlarini-kinadi","status":"publish","type":"post","link":"https:\/\/archive.sana.sy\/tr\/?p=327797","title":{"rendered":"Arap ve \u0130slam \u00dclkelerinden Netanyahu\u2019yu ve \u0130srail\u2019in Yerle\u015fim Planlar\u0131n\u0131 K\u0131nad\u0131"},"content":{"rendered":"<p style=\"text-align: justify;\"><span style=\"color: #ff0000;\"><strong>AMMAN (SANA) \u2013<\/strong><\/span> 31 Arap ve \u0130slam \u00fclkesinin d\u0131\u015fi\u015fleri bakanlar\u0131 ile \u00fc\u00e7 b\u00f6lgesel \u00f6rg\u00fct\u00fcn genel sekreterleri, \u0130srail Ba\u015fbakan\u0131 Binyamin Netanyahu\u2019nun \u201cB\u00fcy\u00fck \u0130srail\u201d a\u00e7\u0131klamalar\u0131n\u0131 uluslararas\u0131 hukukun a\u00e7\u0131k ihlali ve b\u00f6lgesel bar\u0131\u015fa do\u011frudan tehdit olarak nitelendirerek k\u0131nad\u0131.<\/p>\n<p style=\"text-align: justify;\">Bakanlar, \u0130srail\u2019in Kud\u00fcs\u2019teki \u201cE1\u201d b\u00f6lgesinde y\u00fcr\u00fctt\u00fc\u011f\u00fc yerle\u015fim projeleri ve 1967 s\u0131n\u0131rlar\u0131 temelinde Do\u011fu Kud\u00fcs ba\u015fkentli ba\u011f\u0131ms\u0131z Filistin Devleti\u2019nin kurulma ihtimalini ortadan kald\u0131rma giri\u015fimlerine kesin bir \u015fekilde kar\u015f\u0131 olduklar\u0131n\u0131 vurgulad\u0131.<\/p>\n<p style=\"text-align: justify;\">A\u00e7\u0131klamada ayr\u0131ca, \u0130srail\u2019in Filistin \u015fehirlerine y\u00f6nelik bask\u0131nlar\u0131, Mescid-i Aksa\u2019daki ihlalleri, Gazze\u2019ye y\u00f6nelik sald\u0131r\u0131lar\u0131 ve ku\u015fatma politikalar\u0131 hat\u0131rlat\u0131larak derhal ate\u015fkes \u00e7a\u011fr\u0131s\u0131 yap\u0131ld\u0131, insani yard\u0131mlar\u0131n kesintisiz ula\u015ft\u0131r\u0131lmas\u0131n\u0131n \u00f6nemi vurguland\u0131.<\/p>\n<p style=\"text-align: justify;\">D\u0131\u015fi\u015fleri bakanlar\u0131, uluslararas\u0131 toplumu \u00f6zellikle BM G\u00fcvenlik Konseyi\u2019nin daimi \u00fcyelerini \u0130srail\u2019e bask\u0131 yapmaya, Filistin halk\u0131na uluslararas\u0131 koruma sa\u011flamaya ve ba\u011f\u0131ms\u0131z devlet kurma hakk\u0131n\u0131 g\u00fcvence alt\u0131na almaya davet etti.<\/p>\n","protected":false},"excerpt":{"rendered":"<p>AMMAN (SANA) \u2013 31 Arap ve \u0130slam \u00fclkesinin d\u0131\u015fi\u015fleri bakanlar\u0131 ile \u00fc\u00e7 b\u00f6lgesel \u00f6rg\u00fct\u00fcn genel sekreterleri, \u0130srail Ba\u015fbakan\u0131 Binyamin Netanyahu\u2019nun \u201cB\u00fcy\u00fck \u0130srail\u201d a\u00e7\u0131klamalar\u0131n\u0131 uluslararas\u0131 hukukun a\u00e7\u0131k ihlali ve b\u00f6lgesel bar\u0131\u015fa do\u011frudan tehdit olarak nitelendirerek k\u0131nad\u0131. Bakanlar, \u0130srail\u2019in Kud\u00fcs\u2019teki \u201cE1\u201d b\u00f6lgesinde y\u00fcr\u00fctt\u00fc\u011f\u00fc yerle\u015fim projeleri ve 1967 s\u0131n\u0131rlar\u0131 temelinde Do\u011fu Kud\u00fcs ba\u015fkentli ba\u011f\u0131ms\u0131z Filistin Devleti\u2019nin kurulma ihtimalini &hellip;<\/p>\n","protected":false},"author":44,"featured_media":327798,"comment_status":"closed","ping_status":"closed","sticky":false,"template":"","format":"standard","meta":{"footnotes":""},"categories":[458,589,459,17988],"tags":[44206],"class_list":["post-327797","post","type-post","status-publish","format-standard","has-post-thumbnail","","category-dunya1","category-haber-seridi","category-haberler-arap-uluslararasi-politika","category-son-haberler","tag-arap-ve-islam-ulkelerinden-netanyahuyu-ve-israilin-yerlesim-planlarini-kinadi"],"_links":{"self":[{"href":"https:\/\/archive.sana.sy\/tr\/index.php?rest_route=\/wp\/v2\/posts\/327797","targetHints":{"allow":["GET"]}}],"collection":[{"href":"https:\/\/archive.sana.sy\/tr\/index.php?rest_route=\/wp\/v2\/posts"}],"about":[{"href":"https:\/\/archive.sana.sy\/tr\/index.php?rest_route=\/wp\/v2\/types\/post"}],"author":[{"embeddable":true,"href":"https:\/\/archive.sana.sy\/tr\/index.php?rest_route=\/wp\/v2\/users\/44"}],"replies":[{"embeddable":true,"href":"https:\/\/archive.sana.sy\/tr\/index.php?rest_route=%2Fwp%2Fv2%2Fcomments&post=327797"}],"version-history":[{"count":2,"href":"https:\/\/archive.sana.sy\/tr\/index.php?rest_route=\/wp\/v2\/posts\/327797\/revisions"}],"predecessor-version":[{"id":327807,"href":"https:\/\/archive.sana.sy\/tr\/index.php?rest_route=\/wp\/v2\/posts\/327797\/revisions\/327807"}],"wp:featuredmedia":[{"embeddable":true,"href":"https:\/\/archive.sana.sy\/tr\/index.php?rest_route=\/wp\/v2\/media\/327798"}],"wp:attachment":[{"href":"https:\/\/archive.sana.sy\/tr\/index.php?rest_route=%2Fwp%2Fv2%2Fmedia&parent=327797"}],"wp:term":[{"taxonomy":"category","embeddable":true,"href":"https:\/\/archive.sana.sy\/tr\/index.php?rest_route=%2Fwp%2Fv2%2Fcategories&post=327797"},{"taxonomy":"post_tag","embeddable":true,"href":"https:\/\/archive.sana.sy\/tr\/index.php?rest_route=%2Fwp%2Fv2%2Ftags&post=327797"}],"curies":[{"name":"wp","href":"https:\/\/api.w.org\/{rel}","templated":true}]}}