{"id":327800,"date":"2025-08-16T10:31:16","date_gmt":"2025-08-16T07:31:16","guid":{"rendered":"https:\/\/sana.sy\/tr\/?p=327800"},"modified":"2025-08-16T10:31:16","modified_gmt":"2025-08-16T07:31:16","slug":"hama-kirsalinda-naour-jourindeki-orman-yanginlariyla-yogun-mucadele","status":"publish","type":"post","link":"https:\/\/archive.sana.sy\/tr\/?p=327800","title":{"rendered":"Hama K\u0131rsal\u0131nda Naour Jourin\u2019deki Orman Yang\u0131nlar\u0131yla Yo\u011fun M\u00fccadele"},"content":{"rendered":"<p style=\"text-align: justify;\"><span style=\"color: #ff0000;\"><strong>HAMA (SANA) \u2013<\/strong> <\/span>Suriye Sivil Savunma ekipleri, Orman \u0130tfaiye Birlikleri ve b\u00f6lge halk\u0131n\u0131n deste\u011fiyle, Bat\u0131 Hama k\u0131rsal\u0131nda yer alan Naour Jourin k\u00f6y\u00fc \u00e7evresinde devam eden orman yang\u0131nlar\u0131n\u0131 kontrol alt\u0131na almak i\u00e7in yo\u011fun \u00e7aba harc\u0131yor. B\u00f6lgenin da\u011fl\u0131k yap\u0131s\u0131 ve r\u00fczgar\u0131n \u015fiddetlenmesi nedeniyle \u00f6zellikle ak\u015fam saatlerinde \u00e7al\u0131\u015fmalar daha da g\u00fc\u00e7le\u015fti.<\/p>\n<p style=\"text-align: justify;\">Suriye Sivil Savunma M\u00fcd\u00fcrl\u00fc\u011f\u00fc, Telegram kanal\u0131ndan yapt\u0131\u011f\u0131 a\u00e7\u0131klamada, Tar\u0131m Bakanl\u0131\u011f\u0131\u2019na ba\u011fl\u0131 m\u00fchendislik ekipleriyle i\u015f birli\u011fi i\u00e7inde yang\u0131n b\u00f6lgelerinde yollar ve yang\u0131n \u015feritleri a\u00e7arak alevlerin yerle\u015fim alanlar\u0131na ula\u015fmas\u0131n\u0131 engellemeye \u00e7al\u0131\u015ft\u0131klar\u0131n\u0131 duyurdu. Kontrol alt\u0131na al\u0131nan b\u00f6lgelerde ise so\u011futma \u00e7al\u0131\u015fmalar\u0131n\u0131n s\u00fcrd\u00fc\u011f\u00fc kaydedildi.<\/p>\n<p style=\"text-align: justify;\">Yang\u0131nlar, 12 A\u011fustos gecesinin ortalar\u0131ndan itibaren Bat\u0131 Hama k\u0131rsal\u0131nda bir\u00e7ok farkl\u0131 noktada ba\u015flad\u0131. \u0130lk olarak \u2018Anab, \u015eatha ve Abu Kalifoun\u2019 k\u00f6ylerindeki ormanl\u0131k alanlarda \u00e7\u0131kan yang\u0131nlar, r\u00fczgar\u0131n etkisi ve y\u00fcksek s\u0131cakl\u0131klarla birlikte Naour Jourin gibi sarp b\u00f6lgelere kadar yay\u0131ld\u0131.<\/p>\n<p style=\"text-align: justify;\">Son g\u00fcnlerde pek \u00e7ok noktada yang\u0131nlar kontrol alt\u0131na al\u0131n\u0131rken, daha zorlu alanlarda \u00e7al\u0131\u015fmalar di\u011fer vilayetlerden gelen takviye ekiplerin deste\u011fiyle halen devam ediyor.<\/p>\n<p style=\"text-align: justify;\">Acil Durumlar ve Afet Y\u00f6netimi Bakan\u0131 Raed El Saleh de bug\u00fcn Bat\u0131 Hama k\u0131rsal\u0131ndaki \u00e7al\u0131\u015fmalar\u0131 yerinde inceledi. \u00d6zellikle \u015eatha kasabas\u0131nda alevlerin evlere s\u0131\u00e7ramas\u0131n\u0131 \u00f6nlemeye y\u00f6nelik m\u00fcdahaleleri de\u011ferlendirdi; sivil savunma ve itfaiye ekiplerinin ihtiya\u00e7lar\u0131n\u0131 g\u00f6zden ge\u00e7irdi ve yang\u0131nlar\u0131n yol a\u00e7t\u0131\u011f\u0131 hasar\u0131n tespitine y\u00f6nelik \u00e7al\u0131\u015fmalar\u0131 takip etti.<\/p>\n","protected":false},"excerpt":{"rendered":"<p>HAMA (SANA) \u2013 Suriye Sivil Savunma ekipleri, Orman \u0130tfaiye Birlikleri ve b\u00f6lge halk\u0131n\u0131n deste\u011fiyle, Bat\u0131 Hama k\u0131rsal\u0131nda yer alan Naour Jourin k\u00f6y\u00fc \u00e7evresinde devam eden orman yang\u0131nlar\u0131n\u0131 kontrol alt\u0131na almak i\u00e7in yo\u011fun \u00e7aba harc\u0131yor. B\u00f6lgenin da\u011fl\u0131k yap\u0131s\u0131 ve r\u00fczgar\u0131n \u015fiddetlenmesi nedeniyle \u00f6zellikle ak\u015fam saatlerinde \u00e7al\u0131\u015fmalar daha da g\u00fc\u00e7le\u015fti. Suriye Sivil Savunma M\u00fcd\u00fcrl\u00fc\u011f\u00fc, Telegram kanal\u0131ndan yapt\u0131\u011f\u0131 &hellip;<\/p>\n","protected":false},"author":44,"featured_media":327801,"comment_status":"closed","ping_status":"closed","sticky":false,"template":"","format":"standard","meta":{"footnotes":""},"categories":[589,479,17988,478],"tags":[44204],"class_list":["post-327800","post","type-post","status-publish","format-standard","has-post-thumbnail","","category-haber-seridi","category-haberler-yerel","category-son-haberler","category-yerel","tag-hama-kirsalinda-naour-jourindeki-orman-yanginlariyla-yogun-mucadele"],"_links":{"self":[{"href":"https:\/\/archive.sana.sy\/tr\/index.php?rest_route=\/wp\/v2\/posts\/327800","targetHints":{"allow":["GET"]}}],"collection":[{"href":"https:\/\/archive.sana.sy\/tr\/index.php?rest_route=\/wp\/v2\/posts"}],"about":[{"href":"https:\/\/archive.sana.sy\/tr\/index.php?rest_route=\/wp\/v2\/types\/post"}],"author":[{"embeddable":true,"href":"https:\/\/archive.sana.sy\/tr\/index.php?rest_route=\/wp\/v2\/users\/44"}],"replies":[{"embeddable":true,"href":"https:\/\/archive.sana.sy\/tr\/index.php?rest_route=%2Fwp%2Fv2%2Fcomments&post=327800"}],"version-history":[{"count":1,"href":"https:\/\/archive.sana.sy\/tr\/index.php?rest_route=\/wp\/v2\/posts\/327800\/revisions"}],"predecessor-version":[{"id":327802,"href":"https:\/\/archive.sana.sy\/tr\/index.php?rest_route=\/wp\/v2\/posts\/327800\/revisions\/327802"}],"wp:featuredmedia":[{"embeddable":true,"href":"https:\/\/archive.sana.sy\/tr\/index.php?rest_route=\/wp\/v2\/media\/327801"}],"wp:attachment":[{"href":"https:\/\/archive.sana.sy\/tr\/index.php?rest_route=%2Fwp%2Fv2%2Fmedia&parent=327800"}],"wp:term":[{"taxonomy":"category","embeddable":true,"href":"https:\/\/archive.sana.sy\/tr\/index.php?rest_route=%2Fwp%2Fv2%2Fcategories&post=327800"},{"taxonomy":"post_tag","embeddable":true,"href":"https:\/\/archive.sana.sy\/tr\/index.php?rest_route=%2Fwp%2Fv2%2Ftags&post=327800"}],"curies":[{"name":"wp","href":"https:\/\/api.w.org\/{rel}","templated":true}]}}