{"id":327803,"date":"2025-08-16T10:41:08","date_gmt":"2025-08-16T07:41:08","guid":{"rendered":"https:\/\/sana.sy\/tr\/?p=327803"},"modified":"2025-08-17T17:41:15","modified_gmt":"2025-08-17T14:41:15","slug":"suveyda-valisi-bekur-toplumsal-baris-ve-hosgoru-ulusal-bir-zorunluluktur","status":"publish","type":"post","link":"https:\/\/archive.sana.sy\/tr\/?p=327803","title":{"rendered":"S\u00fcveyda Valisi Bekur: Toplumsal Bar\u0131\u015f ve Ho\u015fg\u00f6r\u00fc Ulusal Bir Zorunluluktur"},"content":{"rendered":"<p style=\"text-align: justify;\"><span style=\"color: #ff0000;\"><strong>S\u00dcVEYDA (SANA) \u2013<\/strong><\/span> S\u00fcveyda Valisi Mustafa El Bekur, ak\u0131l ve diyalogun \u00f6n planda tutulmas\u0131n\u0131n, a\u015firetler ile il halk\u0131 aras\u0131nda uzla\u015f\u0131 giri\u015fimlerine a\u00e7\u0131k olunmas\u0131n\u0131n, toplumsal bar\u0131\u015f\u0131n g\u00fc\u00e7lendirilmesi ve toplumsal dokunun korunmas\u0131 a\u00e7\u0131s\u0131ndan hayati \u00f6nemde oldu\u011funu vurgulad\u0131.<\/p>\n<p style=\"text-align: justify;\">Valilik\u2019in resm\u00ee kanal\u0131nda yay\u0131mlanan a\u00e7\u0131klamada, Vali Bekur, k\u0131rg\u0131nl\u0131klar\u0131n giderilmesi ve bak\u0131\u015f a\u00e7\u0131lar\u0131n\u0131n yak\u0131nla\u015ft\u0131r\u0131lmas\u0131 i\u00e7in ciddi \u00e7abalar\u0131n gerekli oldu\u011funun alt\u0131n\u0131 \u00e7izdi. Uzla\u015f\u0131 s\u00fcrecine destek veren kanaat \u00f6nderleri ve bilge ki\u015filerin rol\u00fcn\u00fc takdirle anarak, bireysel ya da grupsal anla\u015fmazl\u0131klar\u0131n yerine kamu yarar\u0131n\u0131n \u00f6ncelenmesi gerekti\u011fini belirtti.<\/p>\n<p style=\"text-align: justify;\">El Bekur, toplumsal bar\u0131\u015f\u0131n ulusal ve ahlaki bir zorunluluk oldu\u011funa dikkat \u00e7ekerek, bunun her t\u00fcrl\u00fc reform veya kalk\u0131nma projesinin temel dayana\u011f\u0131 oldu\u011funu ifade etti. T\u00fcm taraflar\u0131, \u0131slah \u00e7abalar\u0131na olumlu katk\u0131 sunmaya, ho\u015fg\u00f6r\u00fc k\u00fclt\u00fcr\u00fcn\u00fc yayg\u0131nla\u015ft\u0131rmaya ve toplumun t\u00fcm kesimleri aras\u0131nda g\u00fcven k\u00f6pr\u00fcleri kurmaya davet etti.<\/p>\n<p style=\"text-align: justify;\">Vali ayr\u0131ca, uzla\u015fma i\u00e7in \u00e7aba g\u00f6steren ki\u015fi ve taraflara takdirlerini ileterek, bu giri\u015fimlerin birlik ve beraberli\u011fin sa\u011flanmas\u0131na ve ortak ya\u015fam\u0131n g\u00fc\u00e7lendirilmesine katk\u0131 sunmas\u0131n\u0131 temenni etti.<\/p>\n","protected":false},"excerpt":{"rendered":"<p>S\u00dcVEYDA (SANA) \u2013 S\u00fcveyda Valisi Mustafa El Bekur, ak\u0131l ve diyalogun \u00f6n planda tutulmas\u0131n\u0131n, a\u015firetler ile il halk\u0131 aras\u0131nda uzla\u015f\u0131 giri\u015fimlerine a\u00e7\u0131k olunmas\u0131n\u0131n, toplumsal bar\u0131\u015f\u0131n g\u00fc\u00e7lendirilmesi ve toplumsal dokunun korunmas\u0131 a\u00e7\u0131s\u0131ndan hayati \u00f6nemde oldu\u011funu vurgulad\u0131. Valilik\u2019in resm\u00ee kanal\u0131nda yay\u0131mlanan a\u00e7\u0131klamada, Vali Bekur, k\u0131rg\u0131nl\u0131klar\u0131n giderilmesi ve bak\u0131\u015f a\u00e7\u0131lar\u0131n\u0131n yak\u0131nla\u015ft\u0131r\u0131lmas\u0131 i\u00e7in ciddi \u00e7abalar\u0131n gerekli oldu\u011funun alt\u0131n\u0131 \u00e7izdi. &hellip;<\/p>\n","protected":false},"author":44,"featured_media":327804,"comment_status":"closed","ping_status":"closed","sticky":false,"template":"","format":"standard","meta":{"footnotes":""},"categories":[589,479,17988,478],"tags":[44205],"class_list":["post-327803","post","type-post","status-publish","format-standard","has-post-thumbnail","","category-haber-seridi","category-haberler-yerel","category-son-haberler","category-yerel","tag-suveyda-valisi-bekur-toplumsal-baris-ve-hosgoru-ulusal-bir-zorunluluktur"],"_links":{"self":[{"href":"https:\/\/archive.sana.sy\/tr\/index.php?rest_route=\/wp\/v2\/posts\/327803","targetHints":{"allow":["GET"]}}],"collection":[{"href":"https:\/\/archive.sana.sy\/tr\/index.php?rest_route=\/wp\/v2\/posts"}],"about":[{"href":"https:\/\/archive.sana.sy\/tr\/index.php?rest_route=\/wp\/v2\/types\/post"}],"author":[{"embeddable":true,"href":"https:\/\/archive.sana.sy\/tr\/index.php?rest_route=\/wp\/v2\/users\/44"}],"replies":[{"embeddable":true,"href":"https:\/\/archive.sana.sy\/tr\/index.php?rest_route=%2Fwp%2Fv2%2Fcomments&post=327803"}],"version-history":[{"count":1,"href":"https:\/\/archive.sana.sy\/tr\/index.php?rest_route=\/wp\/v2\/posts\/327803\/revisions"}],"predecessor-version":[{"id":327805,"href":"https:\/\/archive.sana.sy\/tr\/index.php?rest_route=\/wp\/v2\/posts\/327803\/revisions\/327805"}],"wp:featuredmedia":[{"embeddable":true,"href":"https:\/\/archive.sana.sy\/tr\/index.php?rest_route=\/wp\/v2\/media\/327804"}],"wp:attachment":[{"href":"https:\/\/archive.sana.sy\/tr\/index.php?rest_route=%2Fwp%2Fv2%2Fmedia&parent=327803"}],"wp:term":[{"taxonomy":"category","embeddable":true,"href":"https:\/\/archive.sana.sy\/tr\/index.php?rest_route=%2Fwp%2Fv2%2Fcategories&post=327803"},{"taxonomy":"post_tag","embeddable":true,"href":"https:\/\/archive.sana.sy\/tr\/index.php?rest_route=%2Fwp%2Fv2%2Ftags&post=327803"}],"curies":[{"name":"wp","href":"https:\/\/api.w.org\/{rel}","templated":true}]}}