{"id":327808,"date":"2025-08-16T13:01:52","date_gmt":"2025-08-16T10:01:52","guid":{"rendered":"https:\/\/sana.sy\/tr\/?p=327808"},"modified":"2025-08-16T13:08:32","modified_gmt":"2025-08-16T10:08:32","slug":"itfaiye-ekipleri-uc-ana-noktadaki-orman-yanginlarini-kontrol-altina-alarak-sondurme-calismalarini-surduruyor","status":"publish","type":"post","link":"https:\/\/archive.sana.sy\/tr\/?p=327808","title":{"rendered":"\u0130tfaiye ekipleri, \u00dc\u00e7 Ana Noktadaki Orman Yang\u0131nlar\u0131n\u0131 Kontrol Alt\u0131na Alarak S\u00f6nd\u00fcrme \u00c7al\u0131\u015fmalar\u0131n\u0131 S\u00fcrd\u00fcr\u00fcyor"},"content":{"rendered":"<p style=\"text-align: justify;\"><span style=\"color: #ff0000;\"><strong>HAMA (SANA) &#8211;<\/strong> <\/span>\u0130tfaiye ekipleri, Hama k\u0131rsal\u0131n\u0131n bat\u0131s\u0131nda yer alan \u011eab b\u00f6lgesinde kalan orman yang\u0131nlar\u0131n\u0131 s\u00f6nd\u00fcrme \u00e7al\u0131\u015fmalar\u0131na devam ediyor. G\u00fcnlerdir sivil savunma ekiplerinin, yerel halk\u0131n ve destek birimlerinin yo\u011fun \u00e7abalar\u0131 sonucunda yang\u0131nlar yaln\u0131zca \u00fc\u00e7 ana noktada s\u0131n\u0131rl\u0131 hale getirildi.<\/p>\n<p style=\"text-align: justify;\">Hama k\u0131rsal\u0131ndaki Sivil Savunma Operasyonlar\u0131 Komutan\u0131 Tar\u0131k El Ramadan, SANA muhabirine yapt\u0131\u011f\u0131 a\u00e7\u0131klamada, aktif yang\u0131n noktalar\u0131n\u0131n \u015fu anda Nahr El Bared, \u015eet\u2019ha ve Curin k\u00f6ylerinde yo\u011funla\u015ft\u0131\u011f\u0131n\u0131 belirtti. Bu b\u00f6lgelere y\u00f6nelik yo\u011fun m\u00fcdahalelerin s\u00fcrd\u00fc\u011f\u00fcn\u00fc ifade eden El Ramadan, yang\u0131n\u0131n \u00e7evre b\u00f6lgelere yay\u0131lmas\u0131n\u0131n \u00f6nlenmesine y\u00f6nelik \u00e7al\u0131\u015fmalar\u0131n kararl\u0131l\u0131kla y\u00fcr\u00fct\u00fcld\u00fc\u011f\u00fcn\u00fc ve yerel halk\u0131n s\u00f6nd\u00fcrme \u00e7al\u0131\u015fmalar\u0131na sa\u011flad\u0131\u011f\u0131 deste\u011fin b\u00fcy\u00fck \u00f6nem ta\u015f\u0131d\u0131\u011f\u0131n\u0131 vurgulad\u0131.<\/p>\n<p style=\"text-align: justify;\">Ge\u00e7ti\u011fimiz g\u00fcnlerde Gab b\u00f6lgesinde, r\u00fczgar\u0131n etkisi ve engebeli araziler nedeniyle geni\u015f alanlara yay\u0131lan bir dizi orman yang\u0131n\u0131 meydana geldi. Ancak itfaiye ekipleri, yang\u0131nlar\u0131n b\u00fcy\u00fck bir k\u0131sm\u0131n\u0131 kontrol alt\u0131na almay\u0131 ba\u015fararak sadece \u00fc\u00e7 belirli noktada yo\u011funla\u015fmas\u0131n\u0131 sa\u011flad\u0131.<\/p>\n<p style=\"text-align: justify;\">S\u00f6nd\u00fcrme operasyonlar\u0131na onlarca saha ekibi, a\u011f\u0131r i\u015f makineleri ve helikopterlerle destek verilirken, b\u00f6lgede olas\u0131 yang\u0131nlar\u0131n yeniden ba\u015flamas\u0131na kar\u015f\u0131 zorlay\u0131c\u0131 iklim ko\u015fullar\u0131 alt\u0131nda s\u00fcrekli bir teyakkuz hali s\u00fcrd\u00fcr\u00fcl\u00fcyor.<\/p>\n<div id='gallery-1' class='gallery galleryid-327808 gallery-columns-2 gallery-size-large'><figure class='gallery-item'>\n\t\t\t<div class='gallery-icon landscape'>\n\t\t\t\t<a href='https:\/\/archive.sana.sy\/tr\/?attachment_id=327810'><img loading=\"lazy\" decoding=\"async\" width=\"618\" height=\"348\" src=\"https:\/\/archive.sana.sy\/tr\/wp-content\/uploads\/2025\/08\/IMG_4107-2-1024x576.jpg\" class=\"attachment-large size-large\" alt=\"\" srcset=\"https:\/\/archive.sana.sy\/tr\/wp-content\/uploads\/2025\/08\/IMG_4107-2-1024x576.jpg 1024w, https:\/\/archive.sana.sy\/tr\/wp-content\/uploads\/2025\/08\/IMG_4107-2-300x169.jpg 300w, https:\/\/archive.sana.sy\/tr\/wp-content\/uploads\/2025\/08\/IMG_4107-2-768x432.jpg 768w, https:\/\/archive.sana.sy\/tr\/wp-content\/uploads\/2025\/08\/IMG_4107-2-1536x864.jpg 1536w, https:\/\/archive.sana.sy\/tr\/wp-content\/uploads\/2025\/08\/IMG_4107-2.jpg 1920w\" sizes=\"auto, (max-width: 618px) 100vw, 618px\" \/><\/a>\n\t\t\t<\/div><\/figure><figure class='gallery-item'>\n\t\t\t<div class='gallery-icon landscape'>\n\t\t\t\t<a href='https:\/\/archive.sana.sy\/tr\/?attachment_id=327811'><img loading=\"lazy\" decoding=\"async\" width=\"618\" height=\"345\" src=\"https:\/\/archive.sana.sy\/tr\/wp-content\/uploads\/2025\/08\/IMG_4116-2-1024x572.jpg\" class=\"attachment-large size-large\" alt=\"\" srcset=\"https:\/\/archive.sana.sy\/tr\/wp-content\/uploads\/2025\/08\/IMG_4116-2-1024x572.jpg 1024w, https:\/\/archive.sana.sy\/tr\/wp-content\/uploads\/2025\/08\/IMG_4116-2-300x168.jpg 300w, https:\/\/archive.sana.sy\/tr\/wp-content\/uploads\/2025\/08\/IMG_4116-2-768x429.jpg 768w, https:\/\/archive.sana.sy\/tr\/wp-content\/uploads\/2025\/08\/IMG_4116-2-1536x859.jpg 1536w, https:\/\/archive.sana.sy\/tr\/wp-content\/uploads\/2025\/08\/IMG_4116-2.jpg 1830w\" sizes=\"auto, (max-width: 618px) 100vw, 618px\" \/><\/a>\n\t\t\t<\/div><\/figure>\n\t\t<\/div>\n\n","protected":false},"excerpt":{"rendered":"<p>HAMA (SANA) &#8211; \u0130tfaiye ekipleri, Hama k\u0131rsal\u0131n\u0131n bat\u0131s\u0131nda yer alan \u011eab b\u00f6lgesinde kalan orman yang\u0131nlar\u0131n\u0131 s\u00f6nd\u00fcrme \u00e7al\u0131\u015fmalar\u0131na devam ediyor. G\u00fcnlerdir sivil savunma ekiplerinin, yerel halk\u0131n ve destek birimlerinin yo\u011fun \u00e7abalar\u0131 sonucunda yang\u0131nlar yaln\u0131zca \u00fc\u00e7 ana noktada s\u0131n\u0131rl\u0131 hale getirildi. Hama k\u0131rsal\u0131ndaki Sivil Savunma Operasyonlar\u0131 Komutan\u0131 Tar\u0131k El Ramadan, SANA muhabirine yapt\u0131\u011f\u0131 a\u00e7\u0131klamada, aktif yang\u0131n noktalar\u0131n\u0131n &hellip;<\/p>\n","protected":false},"author":44,"featured_media":327809,"comment_status":"closed","ping_status":"closed","sticky":false,"template":"","format":"standard","meta":{"footnotes":""},"categories":[589,479,17988,478],"tags":[38988,44207],"class_list":["post-327808","post","type-post","status-publish","format-standard","has-post-thumbnail","","category-haber-seridi","category-haberler-yerel","category-son-haberler","category-yerel","tag-itfaiye-ekipleri","tag-uc-ana-noktadaki-orman-yanginlarini-kontrol-altina-alarak-sondurme-calismalarini-surduruyor"],"_links":{"self":[{"href":"https:\/\/archive.sana.sy\/tr\/index.php?rest_route=\/wp\/v2\/posts\/327808","targetHints":{"allow":["GET"]}}],"collection":[{"href":"https:\/\/archive.sana.sy\/tr\/index.php?rest_route=\/wp\/v2\/posts"}],"about":[{"href":"https:\/\/archive.sana.sy\/tr\/index.php?rest_route=\/wp\/v2\/types\/post"}],"author":[{"embeddable":true,"href":"https:\/\/archive.sana.sy\/tr\/index.php?rest_route=\/wp\/v2\/users\/44"}],"replies":[{"embeddable":true,"href":"https:\/\/archive.sana.sy\/tr\/index.php?rest_route=%2Fwp%2Fv2%2Fcomments&post=327808"}],"version-history":[{"count":2,"href":"https:\/\/archive.sana.sy\/tr\/index.php?rest_route=\/wp\/v2\/posts\/327808\/revisions"}],"predecessor-version":[{"id":327813,"href":"https:\/\/archive.sana.sy\/tr\/index.php?rest_route=\/wp\/v2\/posts\/327808\/revisions\/327813"}],"wp:featuredmedia":[{"embeddable":true,"href":"https:\/\/archive.sana.sy\/tr\/index.php?rest_route=\/wp\/v2\/media\/327809"}],"wp:attachment":[{"href":"https:\/\/archive.sana.sy\/tr\/index.php?rest_route=%2Fwp%2Fv2%2Fmedia&parent=327808"}],"wp:term":[{"taxonomy":"category","embeddable":true,"href":"https:\/\/archive.sana.sy\/tr\/index.php?rest_route=%2Fwp%2Fv2%2Fcategories&post=327808"},{"taxonomy":"post_tag","embeddable":true,"href":"https:\/\/archive.sana.sy\/tr\/index.php?rest_route=%2Fwp%2Fv2%2Ftags&post=327808"}],"curies":[{"name":"wp","href":"https:\/\/api.w.org\/{rel}","templated":true}]}}