{"id":327855,"date":"2025-08-17T16:03:23","date_gmt":"2025-08-17T13:03:23","guid":{"rendered":"https:\/\/sana.sy\/tr\/?p=327855"},"modified":"2025-08-17T16:03:23","modified_gmt":"2025-08-17T13:03:23","slug":"6-600-ton-bugday-tasiyan-gemi-tartus-limaninda-bosaltildi","status":"publish","type":"post","link":"https:\/\/archive.sana.sy\/tr\/?p=327855","title":{"rendered":"6.600 Ton Bu\u011fday Ta\u015f\u0131yan Gemi Tartus Liman\u0131\u2019nda Bo\u015falt\u0131ld\u0131"},"content":{"rendered":"<p style=\"text-align: justify;\"><span style=\"color: #ff0000;\"><strong>TARTUS (SANA)<\/strong> \u2013<\/span> Bu sabah, 6.600 ton ithal yumu\u015fak bu\u011fday ta\u015f\u0131yan bir geminin Tartus Liman\u0131\u2019nda bo\u015falt\u0131lmas\u0131na ba\u015fland\u0131. Bu ad\u0131m, yerel pazar\u0131n temel g\u0131da maddelerine olan ihtiyac\u0131n\u0131 kar\u015f\u0131lamak ve ulusal g\u0131da g\u00fcvenli\u011fini g\u00fc\u00e7lendirmek amac\u0131yla at\u0131ld\u0131.<\/p>\n<p style=\"text-align: justify;\">Tartus Liman\u0131 \u0130\u015fletme ve Yat\u0131r\u0131m Dairesi M\u00fcd\u00fcr\u00fc Yusuf Arnus, SANA muhabirine yapt\u0131\u011f\u0131 a\u00e7\u0131klamada, s\u00f6z konusu geminin, son d\u00f6nemde limana gelen bu\u011fday y\u00fckl\u00fc gemiler aras\u0131nda on \u00fc\u00e7\u00fcnc\u00fcs\u00fc oldu\u011funu belirtti. Arnus, \u015fimdiye kadar limana ula\u015fan toplam bu\u011fday miktar\u0131n\u0131n yakla\u015f\u0131k 136.000 tona ula\u015ft\u0131\u011f\u0131n\u0131 kaydetti.<\/p>\n<p style=\"text-align: justify;\">Arnus, donan\u0131ml\u0131 r\u0131ht\u0131mlar ve uzman teknik personel sayesinde bo\u015faltma i\u015flemlerinin h\u0131zl\u0131, sorunsuz ve kaliteli bir \u015fekilde ger\u00e7ekle\u015ftirildi\u011fini ifade etti. Ayr\u0131ca liman\u0131n \u00f6n\u00fcm\u00fczdeki d\u00f6nemde daha fazla bu\u011fday gemisini kar\u015f\u0131lamaya haz\u0131r oldu\u011funu ve bunun, Suriye\u2019nin g\u0131da g\u00fcvenli\u011fini art\u0131rmaya y\u00f6nelik \u00e7abalara katk\u0131 sa\u011flayaca\u011f\u0131n\u0131 vurgulad\u0131.<\/p>\n<p style=\"text-align: justify;\">Bu geli\u015fme, vatanda\u015flar\u0131n temel ihtiya\u00e7lar\u0131n\u0131 kar\u015f\u0131lamaya y\u00f6nelik s\u00fcrd\u00fcr\u00fclen \u00e7al\u0131\u015fmalar\u0131n bir par\u00e7as\u0131 olarak de\u011ferlendiriliyor. Bu\u011fday\u0131n ilgili fabrikalara ve da\u011f\u0131t\u0131m merkezlerine gecikmeden ula\u015ft\u0131r\u0131lmas\u0131 i\u00e7in yetkili kurumlar aras\u0131nda kapsaml\u0131 bir koordinasyon sa\u011flan\u0131yor.<\/p>\n<div id='gallery-1' class='gallery galleryid-327855 gallery-columns-3 gallery-size-thumbnail'><figure class='gallery-item'>\n\t\t\t<div class='gallery-icon landscape'>\n\t\t\t\t<a href='https:\/\/archive.sana.sy\/tr\/?attachment_id=327857'><img loading=\"lazy\" decoding=\"async\" width=\"150\" height=\"150\" src=\"https:\/\/archive.sana.sy\/tr\/wp-content\/uploads\/2025\/08\/22222-7-150x150.jpg\" class=\"attachment-thumbnail size-thumbnail\" alt=\"\" \/><\/a>\n\t\t\t<\/div><\/figure><figure class='gallery-item'>\n\t\t\t<div class='gallery-icon landscape'>\n\t\t\t\t<a href='https:\/\/archive.sana.sy\/tr\/?attachment_id=327858'><img loading=\"lazy\" decoding=\"async\" width=\"150\" height=\"150\" src=\"https:\/\/archive.sana.sy\/tr\/wp-content\/uploads\/2025\/08\/77777777-1-150x150.jpg\" class=\"attachment-thumbnail size-thumbnail\" alt=\"\" aria-describedby=\"gallery-1-327858\" \/><\/a>\n\t\t\t<\/div>\n\t\t\t\t<figcaption class='wp-caption-text gallery-caption' id='gallery-1-327858'>\n\t\t\t\tdefault\n\t\t\t\t<\/figcaption><\/figure><figure class='gallery-item'>\n\t\t\t<div class='gallery-icon landscape'>\n\t\t\t\t<a href='https:\/\/archive.sana.sy\/tr\/?attachment_id=327859'><img loading=\"lazy\" decoding=\"async\" width=\"150\" height=\"150\" src=\"https:\/\/archive.sana.sy\/tr\/wp-content\/uploads\/2025\/08\/4444444444-150x150.jpg\" class=\"attachment-thumbnail size-thumbnail\" alt=\"\" \/><\/a>\n\t\t\t<\/div><\/figure>\n\t\t<\/div>\n\n","protected":false},"excerpt":{"rendered":"<p>TARTUS (SANA) \u2013 Bu sabah, 6.600 ton ithal yumu\u015fak bu\u011fday ta\u015f\u0131yan bir geminin Tartus Liman\u0131\u2019nda bo\u015falt\u0131lmas\u0131na ba\u015fland\u0131. Bu ad\u0131m, yerel pazar\u0131n temel g\u0131da maddelerine olan ihtiyac\u0131n\u0131 kar\u015f\u0131lamak ve ulusal g\u0131da g\u00fcvenli\u011fini g\u00fc\u00e7lendirmek amac\u0131yla at\u0131ld\u0131. Tartus Liman\u0131 \u0130\u015fletme ve Yat\u0131r\u0131m Dairesi M\u00fcd\u00fcr\u00fc Yusuf Arnus, SANA muhabirine yapt\u0131\u011f\u0131 a\u00e7\u0131klamada, s\u00f6z konusu geminin, son d\u00f6nemde limana gelen bu\u011fday &hellip;<\/p>\n","protected":false},"author":36,"featured_media":327856,"comment_status":"closed","ping_status":"closed","sticky":false,"template":"","format":"standard","meta":{"footnotes":""},"categories":[589,479,17988,478],"tags":[44211],"class_list":["post-327855","post","type-post","status-publish","format-standard","has-post-thumbnail","","category-haber-seridi","category-haberler-yerel","category-son-haberler","category-yerel","tag-6-600-ton-bugday-tasiyan-gemi-tartus-limaninda-bosaltildi"],"_links":{"self":[{"href":"https:\/\/archive.sana.sy\/tr\/index.php?rest_route=\/wp\/v2\/posts\/327855","targetHints":{"allow":["GET"]}}],"collection":[{"href":"https:\/\/archive.sana.sy\/tr\/index.php?rest_route=\/wp\/v2\/posts"}],"about":[{"href":"https:\/\/archive.sana.sy\/tr\/index.php?rest_route=\/wp\/v2\/types\/post"}],"author":[{"embeddable":true,"href":"https:\/\/archive.sana.sy\/tr\/index.php?rest_route=\/wp\/v2\/users\/36"}],"replies":[{"embeddable":true,"href":"https:\/\/archive.sana.sy\/tr\/index.php?rest_route=%2Fwp%2Fv2%2Fcomments&post=327855"}],"version-history":[{"count":1,"href":"https:\/\/archive.sana.sy\/tr\/index.php?rest_route=\/wp\/v2\/posts\/327855\/revisions"}],"predecessor-version":[{"id":327860,"href":"https:\/\/archive.sana.sy\/tr\/index.php?rest_route=\/wp\/v2\/posts\/327855\/revisions\/327860"}],"wp:featuredmedia":[{"embeddable":true,"href":"https:\/\/archive.sana.sy\/tr\/index.php?rest_route=\/wp\/v2\/media\/327856"}],"wp:attachment":[{"href":"https:\/\/archive.sana.sy\/tr\/index.php?rest_route=%2Fwp%2Fv2%2Fmedia&parent=327855"}],"wp:term":[{"taxonomy":"category","embeddable":true,"href":"https:\/\/archive.sana.sy\/tr\/index.php?rest_route=%2Fwp%2Fv2%2Fcategories&post=327855"},{"taxonomy":"post_tag","embeddable":true,"href":"https:\/\/archive.sana.sy\/tr\/index.php?rest_route=%2Fwp%2Fv2%2Ftags&post=327855"}],"curies":[{"name":"wp","href":"https:\/\/api.w.org\/{rel}","templated":true}]}}