{"id":327861,"date":"2025-08-17T16:49:47","date_gmt":"2025-08-17T13:49:47","guid":{"rendered":"https:\/\/sana.sy\/tr\/?p=327861"},"modified":"2025-08-17T16:49:47","modified_gmt":"2025-08-17T13:49:47","slug":"italya-suriyedeki-yerinden-edilmis-kisilere-destek-icin-7-milyon-avro-ek-kaynak-saglayacak","status":"publish","type":"post","link":"https:\/\/archive.sana.sy\/tr\/?p=327861","title":{"rendered":"\u0130talya, Suriye&#8217;deki Yerinden Edilmi\u015f Ki\u015filere Destek \u0130\u00e7in 7 Milyon Avro Ek Kaynak Sa\u011flayacak"},"content":{"rendered":"<p style=\"text-align: justify;\" data-start=\"366\" data-end=\"669\"><span style=\"color: #ff0000;\"><strong>ROMA (SANA)<\/strong><\/span> &#8211;\u00a0 \u0130talya&#8217;n\u0131n \u015eam B\u00fcy\u00fckel\u00e7ili\u011fi Maslahatg\u00fczar\u0131 Stefano Ravanian, \u00fclkesinin Suriye\u2019de yerinden edilmi\u015f ki\u015filerin ve \u00fclke i\u00e7inde yerinden edilmi\u015flerin (IDP) k\u00f6ken b\u00f6lgelerine yeniden entegrasyonunu desteklemeye y\u00f6nelik giri\u015fimlere katk\u0131 sa\u011flamak amac\u0131yla 7 milyon avro ek kaynak sa\u011flayaca\u011f\u0131n\u0131 a\u00e7\u0131klad\u0131.<\/p>\n<p style=\"text-align: justify;\" data-start=\"671\" data-end=\"1044\">Ravanian, X sosyal medya platformunda yapt\u0131\u011f\u0131 payla\u015f\u0131mda, &#8220;\u0130talya D\u0131\u015fi\u015fleri ve Uluslararas\u0131 \u0130\u015fbirli\u011fi Bakanl\u0131\u011f\u0131, daha \u00f6nce tahsis edilen fonlara ek olarak, bu giri\u015fimleri desteklemek \u00fczere Birle\u015fmi\u015f Milletler M\u00fclteciler Y\u00fcksek Komiserli\u011fi\u2019ne (UNHCR) 6 milyon avro, Uluslararas\u0131 G\u00f6\u00e7 \u00d6rg\u00fct\u00fc\u2019ne (IOM) ise 1 milyon avro ek kaynak tahsis etme karar\u0131 ald\u0131.&#8221; ifadelerini kulland\u0131.<\/p>\n","protected":false},"excerpt":{"rendered":"<p>ROMA (SANA) &#8211;\u00a0 \u0130talya&#8217;n\u0131n \u015eam B\u00fcy\u00fckel\u00e7ili\u011fi Maslahatg\u00fczar\u0131 Stefano Ravanian, \u00fclkesinin Suriye\u2019de yerinden edilmi\u015f ki\u015filerin ve \u00fclke i\u00e7inde yerinden edilmi\u015flerin (IDP) k\u00f6ken b\u00f6lgelerine yeniden entegrasyonunu desteklemeye y\u00f6nelik giri\u015fimlere katk\u0131 sa\u011flamak amac\u0131yla 7 milyon avro ek kaynak sa\u011flayaca\u011f\u0131n\u0131 a\u00e7\u0131klad\u0131. Ravanian, X sosyal medya platformunda yapt\u0131\u011f\u0131 payla\u015f\u0131mda, &#8220;\u0130talya D\u0131\u015fi\u015fleri ve Uluslararas\u0131 \u0130\u015fbirli\u011fi Bakanl\u0131\u011f\u0131, daha \u00f6nce tahsis edilen fonlara &hellip;<\/p>\n","protected":false},"author":36,"featured_media":327862,"comment_status":"closed","ping_status":"closed","sticky":false,"template":"","format":"standard","meta":{"footnotes":""},"categories":[458,589,459,17988],"tags":[30558,44212],"class_list":["post-327861","post","type-post","status-publish","format-standard","has-post-thumbnail","","category-dunya1","category-haber-seridi","category-haberler-arap-uluslararasi-politika","category-son-haberler","tag-italya","tag-suriyedeki-yerinden-edilmis-kisilere-destek-icin-7-milyon-avro-ek-kaynak-saglayacak"],"_links":{"self":[{"href":"https:\/\/archive.sana.sy\/tr\/index.php?rest_route=\/wp\/v2\/posts\/327861","targetHints":{"allow":["GET"]}}],"collection":[{"href":"https:\/\/archive.sana.sy\/tr\/index.php?rest_route=\/wp\/v2\/posts"}],"about":[{"href":"https:\/\/archive.sana.sy\/tr\/index.php?rest_route=\/wp\/v2\/types\/post"}],"author":[{"embeddable":true,"href":"https:\/\/archive.sana.sy\/tr\/index.php?rest_route=\/wp\/v2\/users\/36"}],"replies":[{"embeddable":true,"href":"https:\/\/archive.sana.sy\/tr\/index.php?rest_route=%2Fwp%2Fv2%2Fcomments&post=327861"}],"version-history":[{"count":1,"href":"https:\/\/archive.sana.sy\/tr\/index.php?rest_route=\/wp\/v2\/posts\/327861\/revisions"}],"predecessor-version":[{"id":327863,"href":"https:\/\/archive.sana.sy\/tr\/index.php?rest_route=\/wp\/v2\/posts\/327861\/revisions\/327863"}],"wp:featuredmedia":[{"embeddable":true,"href":"https:\/\/archive.sana.sy\/tr\/index.php?rest_route=\/wp\/v2\/media\/327862"}],"wp:attachment":[{"href":"https:\/\/archive.sana.sy\/tr\/index.php?rest_route=%2Fwp%2Fv2%2Fmedia&parent=327861"}],"wp:term":[{"taxonomy":"category","embeddable":true,"href":"https:\/\/archive.sana.sy\/tr\/index.php?rest_route=%2Fwp%2Fv2%2Fcategories&post=327861"},{"taxonomy":"post_tag","embeddable":true,"href":"https:\/\/archive.sana.sy\/tr\/index.php?rest_route=%2Fwp%2Fv2%2Ftags&post=327861"}],"curies":[{"name":"wp","href":"https:\/\/api.w.org\/{rel}","templated":true}]}}