{"id":32791,"date":"2015-05-10T14:27:48","date_gmt":"2015-05-10T11:27:48","guid":{"rendered":"http:\/\/sana.sy\/tr\/?p=32791"},"modified":"2015-05-10T14:27:48","modified_gmt":"2015-05-10T11:27:48","slug":"roth-suudi-rejimi-sivilleri-mesru-hedef-sayiyor","status":"publish","type":"post","link":"https:\/\/archive.sana.sy\/tr\/?p=32791","title":{"rendered":"Roth: Suudi Rejimi Sivilleri Me\u015fru Hedef Say\u0131yor"},"content":{"rendered":"<p>SANA \u2013 Uluslararas\u0131 \u0130nsan Haklar\u0131 \u0130zleme \u00d6rg\u00fct\u00fc (HRW) \u0130cra Direkt\u00f6r\u00fc Kenneth Roth Suudi Arabistan rejimi ve m\u00fcttefiklerinin Yemen\u2019e y\u00f6nelik sald\u0131r\u0131lar\u0131n\u0131 \u2018sivilleri me\u015fru hedef alan d\u00fc\u015fmanc\u0131 bir sald\u0131r\u0131\u2019 olarak nitelendirdi.<\/p>\n<p>Twitter hesab\u0131nda payla\u015ft\u0131\u011f\u0131 ve Yemen\u2019in resmi haber ajans\u0131 Saba\u2019n\u0131n aktard\u0131\u011f\u0131 a\u00e7\u0131klamalar\u0131nda Roth; Suudi rejimi ve m\u00fcttefiklerinin \u0130srail\u2019in Filistin\u2019de oldu\u011fu gibi sivilleri me\u015fru hedef sayd\u0131\u011f\u0131n\u0131 ve bombalad\u0131\u011f\u0131n\u0131 ifade etti.<\/p>\n","protected":false},"excerpt":{"rendered":"<p>SANA \u2013 Uluslararas\u0131 \u0130nsan Haklar\u0131 \u0130zleme \u00d6rg\u00fct\u00fc (HRW) \u0130cra Direkt\u00f6r\u00fc Kenneth Roth Suudi Arabistan rejimi ve m\u00fcttefiklerinin Yemen\u2019e y\u00f6nelik sald\u0131r\u0131lar\u0131n\u0131 \u2018sivilleri me\u015fru hedef alan d\u00fc\u015fmanc\u0131 bir sald\u0131r\u0131\u2019 olarak nitelendirdi. Twitter hesab\u0131nda payla\u015ft\u0131\u011f\u0131 ve Yemen\u2019in resmi haber ajans\u0131 Saba\u2019n\u0131n aktard\u0131\u011f\u0131 a\u00e7\u0131klamalar\u0131nda Roth; Suudi rejimi ve m\u00fcttefiklerinin \u0130srail\u2019in Filistin\u2019de oldu\u011fu gibi sivilleri me\u015fru hedef sayd\u0131\u011f\u0131n\u0131 ve bombalad\u0131\u011f\u0131n\u0131 &hellip;<\/p>\n","protected":false},"author":1,"featured_media":32792,"comment_status":"closed","ping_status":"closed","sticky":false,"template":"","format":"standard","meta":{"footnotes":""},"categories":[458,459,447],"tags":[],"class_list":["post-32791","post","type-post","status-publish","format-standard","has-post-thumbnail","","category-dunya1","category-haberler-arap-uluslararasi-politika","category-politika"],"_links":{"self":[{"href":"https:\/\/archive.sana.sy\/tr\/index.php?rest_route=\/wp\/v2\/posts\/32791","targetHints":{"allow":["GET"]}}],"collection":[{"href":"https:\/\/archive.sana.sy\/tr\/index.php?rest_route=\/wp\/v2\/posts"}],"about":[{"href":"https:\/\/archive.sana.sy\/tr\/index.php?rest_route=\/wp\/v2\/types\/post"}],"author":[{"embeddable":true,"href":"https:\/\/archive.sana.sy\/tr\/index.php?rest_route=\/wp\/v2\/users\/1"}],"replies":[{"embeddable":true,"href":"https:\/\/archive.sana.sy\/tr\/index.php?rest_route=%2Fwp%2Fv2%2Fcomments&post=32791"}],"version-history":[{"count":0,"href":"https:\/\/archive.sana.sy\/tr\/index.php?rest_route=\/wp\/v2\/posts\/32791\/revisions"}],"wp:featuredmedia":[{"embeddable":true,"href":"https:\/\/archive.sana.sy\/tr\/index.php?rest_route=\/wp\/v2\/media\/32792"}],"wp:attachment":[{"href":"https:\/\/archive.sana.sy\/tr\/index.php?rest_route=%2Fwp%2Fv2%2Fmedia&parent=32791"}],"wp:term":[{"taxonomy":"category","embeddable":true,"href":"https:\/\/archive.sana.sy\/tr\/index.php?rest_route=%2Fwp%2Fv2%2Fcategories&post=32791"},{"taxonomy":"post_tag","embeddable":true,"href":"https:\/\/archive.sana.sy\/tr\/index.php?rest_route=%2Fwp%2Fv2%2Ftags&post=32791"}],"curies":[{"name":"wp","href":"https:\/\/api.w.org\/{rel}","templated":true}]}}