{"id":327920,"date":"2025-08-18T20:30:52","date_gmt":"2025-08-18T17:30:52","guid":{"rendered":"https:\/\/sana.sy\/tr\/?p=327920"},"modified":"2025-08-18T20:30:52","modified_gmt":"2025-08-18T17:30:52","slug":"suriye-ve-suudi-arabistan-yatirim-ve-sanayi-is-birligini-gorustu","status":"publish","type":"post","link":"https:\/\/archive.sana.sy\/tr\/?p=327920","title":{"rendered":"Suriye ve Suudi Arabistan, Yat\u0131r\u0131m ve Sanayi \u0130\u015f Birli\u011fini G\u00f6r\u00fc\u015ft\u00fc"},"content":{"rendered":"<div id=\"site-header\" class=\"header-wrap rb-section header-template\">\n<div class=\"navbar-outer navbar-template-outer\">\n<div id=\"header-template-holder\">\n<div class=\"header-template-inner\">\n<div class=\"elementor elementor-2204002\" data-elementor-type=\"wp-post\" data-elementor-id=\"2204002\" data-elementor-post-type=\"rb-etemplate\">\n<div class=\"elementor-element elementor-element-da30904 e-flex e-con-boxed e-con e-parent e-lazyloaded elementor-sticky elementor-sticky--active elementor-section--handles-inside elementor-sticky--effects\" data-id=\"da30904\" data-element_type=\"container\" data-settings=\"{&quot;background_background&quot;:&quot;classic&quot;,&quot;sticky&quot;:&quot;top&quot;,&quot;sticky_on&quot;:[&quot;desktop&quot;,&quot;tablet&quot;,&quot;mobile&quot;],&quot;sticky_offset&quot;:0,&quot;sticky_effects_offset&quot;:0,&quot;sticky_anchor_link_offset&quot;:0}\">\n<div class=\"e-con-inner\">\n<div class=\"elementor-element elementor-element-9d20e39 is-divider-0 elementor-widget elementor-widget-foxiz-navigation\" data-id=\"9d20e39\" data-element_type=\"widget\" data-widget_type=\"foxiz-navigation.default\">\n<div class=\"elementor-widget-container\">\n<nav id=\"site-navigation\" class=\"main-menu-wrap template-menu\" aria-label=\"main menu\">\n<p style=\"text-align: justify;\"><span style=\"color: #ff0000;\"><strong>R\u0130YAD (SANA)<\/strong>\u00a0<\/span>\u2013 Suriye Ekonomi ve Sanayi Bakan\u0131 Muhammed Nidal El \u015eaar, bug\u00fcn Suudi Arabistan Sanayi ve Maden Kaynaklar\u0131 Bakan\u0131 Bender bin \u0130brahim El Hureyf ile bir araya gelerek, iki \u00fclke aras\u0131ndaki ikili i\u015f birli\u011fini ve sanayi sekt\u00f6r\u00fcndeki yat\u0131r\u0131mlar\u0131n geli\u015ftirilmesi yollar\u0131n\u0131 ele ald\u0131.<\/p>\n<\/nav>\n<\/div>\n<\/div>\n<\/div>\n<\/div>\n<\/div>\n<\/div>\n<\/div>\n<\/div>\n<\/div>\n<div class=\"site-wrap\">\n<div id=\"single-post-infinite\" class=\"single-post-infinite none-mobile-sb\" data-nextposturl=\"https:\/\/sananews.sy\/tr\/locals\/suriye-ve-t%c3%bcrkiye-afet-y%c3%b6netimi-alan%c4%b1nda-i%cc%87%c5%9f-birli%c4%9fini-g%c3%b6r%c3%bc%c5%9ft%c3%bc\/\">\n<div class=\"single-post-outer activated\" data-postid=\"2261861\" data-postlink=\"https:\/\/sananews.sy\/tr\/syria-and-the-world\/suriye-ve-suudi-arabistan-yat%c4%b1r%c4%b1m-ve-sanayi-i%cc%87%c5%9f-birli%c4%9fini-g%c3%b6r%c3%bc%c5%9ft%c3%bc\/\">\n<div class=\"single-standard-8 is-sidebar-right sticky-sidebar\">\n<div class=\"rb-s-container edge-padding\">\n<article id=\"post-2261861\" class=\"post-2261861 post type-post status-publish format-standard has-post-thumbnail category-syria-and-the-world tag-suriye-ve-suudi-arabistan tag-suriyede-ekonomi\">\n<div class=\"grid-container\">\n<div class=\"s-ct\">\n<div class=\"s-ct-wrap\">\n<div class=\"s-ct-inner\">\n<div class=\"e-ct-outer\">\n<div class=\"entry-content rbct clearfix\">\n<p style=\"text-align: justify;\">Suudi Arabistan Sanayi ve Maden Kaynaklar\u0131 Bakanl\u0131\u011f\u0131\u2019nda ger\u00e7ekle\u015fen g\u00f6r\u00fc\u015fmede, Bakan El \u015eaar, Suriye ile Suudi Arabistan aras\u0131ndaki ili\u015fkilerin derinli\u011fine dikkat \u00e7ekerek, \u00f6zellikle sanayi ve madencilik alanlar\u0131nda ekonomik i\u015f birli\u011finin g\u00fc\u00e7lendirilmesinin her iki \u00fclkenin \u00e7\u0131karlar\u0131na hizmet edece\u011fini vurgulad\u0131.<\/p>\n<p style=\"text-align: justify;\">Taraflar, ortak yat\u0131r\u0131mlar\u0131n te\u015fvik edilmesi ve end\u00fcstriyel alanda uzmanl\u0131k al\u0131\u015fveri\u015finin \u00f6nemine i\u015faret etti. El \u015eaar, Suriye\u2019nin yeniden yap\u0131lanma s\u00fcrecinde, Suudi Arabistan\u2019\u0131n ileri d\u00fczey sanayi tecr\u00fcbelerinden yararlanmak istedi\u011fini belirtti ve bu a\u015famada Suudi \u00f6zel sekt\u00f6r\u00fcn\u00fcn rol\u00fcn\u00fcn art\u0131r\u0131lmas\u0131n\u0131n \u00f6nemine dikkat \u00e7ekti.<\/p>\n<p style=\"text-align: justify;\">G\u00f6r\u00fc\u015fmede ayr\u0131ca, sanayi alan\u0131nda entegrasyon s\u00fcre\u00e7lerini geli\u015ftirmek amac\u0131yla ortak teknik \u00e7al\u0131\u015fma gruplar\u0131n\u0131n etkinle\u015ftirilmesi ve Suriye\u2019de s\u00fcrd\u00fcr\u00fclebilir ekonomik kalk\u0131nman\u0131n desteklenmesinde sanayi sekt\u00f6r\u00fcn\u00fcn rol\u00fc ele al\u0131nd\u0131.<\/p>\n<\/div>\n<\/div>\n<\/div>\n<\/div>\n<\/div>\n<\/div>\n<\/article>\n<\/div>\n<\/div>\n<\/div>\n<\/div>\n<\/div>\n","protected":false},"excerpt":{"rendered":"<p>R\u0130YAD (SANA)\u00a0\u2013 Suriye Ekonomi ve Sanayi Bakan\u0131 Muhammed Nidal El \u015eaar, bug\u00fcn Suudi Arabistan Sanayi ve Maden Kaynaklar\u0131 Bakan\u0131 Bender bin \u0130brahim El Hureyf ile bir araya gelerek, iki \u00fclke aras\u0131ndaki ikili i\u015f birli\u011fini ve sanayi sekt\u00f6r\u00fcndeki yat\u0131r\u0131mlar\u0131n geli\u015ftirilmesi yollar\u0131n\u0131 ele ald\u0131. Suudi Arabistan Sanayi ve Maden Kaynaklar\u0131 Bakanl\u0131\u011f\u0131\u2019nda ger\u00e7ekle\u015fen g\u00f6r\u00fc\u015fmede, Bakan El \u015eaar, Suriye &hellip;<\/p>\n","protected":false},"author":41,"featured_media":0,"comment_status":"closed","ping_status":"closed","sticky":false,"template":"","format":"standard","meta":{"footnotes":""},"categories":[1],"tags":[],"class_list":["post-327920","post","type-post","status-publish","format-standard","","category-news-not-sorted"],"_links":{"self":[{"href":"https:\/\/archive.sana.sy\/tr\/index.php?rest_route=\/wp\/v2\/posts\/327920","targetHints":{"allow":["GET"]}}],"collection":[{"href":"https:\/\/archive.sana.sy\/tr\/index.php?rest_route=\/wp\/v2\/posts"}],"about":[{"href":"https:\/\/archive.sana.sy\/tr\/index.php?rest_route=\/wp\/v2\/types\/post"}],"author":[{"embeddable":true,"href":"https:\/\/archive.sana.sy\/tr\/index.php?rest_route=\/wp\/v2\/users\/41"}],"replies":[{"embeddable":true,"href":"https:\/\/archive.sana.sy\/tr\/index.php?rest_route=%2Fwp%2Fv2%2Fcomments&post=327920"}],"version-history":[{"count":1,"href":"https:\/\/archive.sana.sy\/tr\/index.php?rest_route=\/wp\/v2\/posts\/327920\/revisions"}],"predecessor-version":[{"id":327921,"href":"https:\/\/archive.sana.sy\/tr\/index.php?rest_route=\/wp\/v2\/posts\/327920\/revisions\/327921"}],"wp:attachment":[{"href":"https:\/\/archive.sana.sy\/tr\/index.php?rest_route=%2Fwp%2Fv2%2Fmedia&parent=327920"}],"wp:term":[{"taxonomy":"category","embeddable":true,"href":"https:\/\/archive.sana.sy\/tr\/index.php?rest_route=%2Fwp%2Fv2%2Fcategories&post=327920"},{"taxonomy":"post_tag","embeddable":true,"href":"https:\/\/archive.sana.sy\/tr\/index.php?rest_route=%2Fwp%2Fv2%2Ftags&post=327920"}],"curies":[{"name":"wp","href":"https:\/\/api.w.org\/{rel}","templated":true}]}}