{"id":3280,"date":"2014-06-17T15:58:02","date_gmt":"2014-06-17T12:58:02","guid":{"rendered":"http:\/\/sanasyria.org\/tr\/?p=3280"},"modified":"2014-06-17T15:58:02","modified_gmt":"2014-06-17T12:58:02","slug":"suriyedeki-yikimin-sorumlulari-teroru-destekleyen-devletlerdir","status":"publish","type":"post","link":"https:\/\/archive.sana.sy\/tr\/?p=3280","title":{"rendered":"Suriye\u2019deki Y\u0131k\u0131m\u0131n Sorumlular\u0131 Ter\u00f6r\u00fc Destekleyen Devletlerdir"},"content":{"rendered":"<p><span>BEYRUT \u2013<\/span> Antakya, Kud\u00fcs, \u0130skenderiye ve T\u00fcm Do\u011fu Katoluk Melkite Rum Patri\u011fi Grigorios III Lahham; Suriye\u2019de ter\u00f6r\u00fc destekleyen devletlerin Suriye\u2019nin maruz kald\u0131\u011f\u0131 ter\u00f6r sald\u0131r\u0131s\u0131n\u0131n sonu\u00e7lar\u0131n\u0131n da sorumlusu oldu\u011funu ifade etti.<\/p>\n<p>L\u00fcbnan\u2019da bir kilisenin a\u00e7\u0131l\u0131\u015f\u0131nda konu\u015fma yapan Lahham; Suriye\u2019de bulunan ter\u00f6r gruplar\u0131na sava\u015f sevkiyat\u0131n\u0131n biran \u00f6nce sonland\u0131r\u0131lmas\u0131 gerekti\u011fini dile getirdi.<\/p>\n<p>Suriye halk\u0131n\u0131n b\u00fct\u00fcn kesimlerine ya\u015fanan y\u0131k\u0131mlara g\u00f6\u011f\u00fcs gererek vatanlar\u0131na ve topraklar\u0131na kenetlenme \u00e7a\u011fr\u0131s\u0131 yapan Lahham; d\u00f6rt y\u0131ld\u0131r Suriye\u2019de binalar\u0131n tahrip edilmesinden toplu katliamlara, insan ka\u00e7\u0131rmadan insanl\u0131k d\u0131\u015f\u0131 i\u015fkencelere kadar vah\u015fetin her t\u00fcrl\u00fcs\u00fcn\u00fcn ya\u015fand\u0131\u011f\u0131n\u0131 ancak Suriyelilerin b\u00fct\u00fcn bunlara ra\u011fmen direni\u015fi se\u00e7tiklerini vurgulad\u0131.<\/p>\n","protected":false},"excerpt":{"rendered":"<p>BEYRUT \u2013 Antakya, Kud\u00fcs, \u0130skenderiye ve T\u00fcm Do\u011fu Katoluk Melkite Rum Patri\u011fi Grigorios III Lahham; Suriye\u2019de ter\u00f6r\u00fc destekleyen devletlerin Suriye\u2019nin maruz kald\u0131\u011f\u0131 ter\u00f6r sald\u0131r\u0131s\u0131n\u0131n sonu\u00e7lar\u0131n\u0131n da sorumlusu oldu\u011funu ifade etti. L\u00fcbnan\u2019da bir kilisenin a\u00e7\u0131l\u0131\u015f\u0131nda konu\u015fma yapan Lahham; Suriye\u2019de bulunan ter\u00f6r gruplar\u0131na sava\u015f sevkiyat\u0131n\u0131n biran \u00f6nce sonland\u0131r\u0131lmas\u0131 gerekti\u011fini dile getirdi. Suriye halk\u0131n\u0131n b\u00fct\u00fcn kesimlerine ya\u015fanan y\u0131k\u0131mlara &hellip;<\/p>\n","protected":false},"author":1,"featured_media":3281,"comment_status":"closed","ping_status":"closed","sticky":false,"template":"","format":"standard","meta":{"footnotes":""},"categories":[458,459],"tags":[722],"class_list":["post-3280","post","type-post","status-publish","format-standard","has-post-thumbnail","","category-dunya1","category-haberler-arap-uluslararasi-politika","tag-suriyedeki-yikimin-sorumlulari-teroru-destekleyen-devletlerdir"],"_links":{"self":[{"href":"https:\/\/archive.sana.sy\/tr\/index.php?rest_route=\/wp\/v2\/posts\/3280","targetHints":{"allow":["GET"]}}],"collection":[{"href":"https:\/\/archive.sana.sy\/tr\/index.php?rest_route=\/wp\/v2\/posts"}],"about":[{"href":"https:\/\/archive.sana.sy\/tr\/index.php?rest_route=\/wp\/v2\/types\/post"}],"author":[{"embeddable":true,"href":"https:\/\/archive.sana.sy\/tr\/index.php?rest_route=\/wp\/v2\/users\/1"}],"replies":[{"embeddable":true,"href":"https:\/\/archive.sana.sy\/tr\/index.php?rest_route=%2Fwp%2Fv2%2Fcomments&post=3280"}],"version-history":[{"count":0,"href":"https:\/\/archive.sana.sy\/tr\/index.php?rest_route=\/wp\/v2\/posts\/3280\/revisions"}],"wp:featuredmedia":[{"embeddable":true,"href":"https:\/\/archive.sana.sy\/tr\/index.php?rest_route=\/wp\/v2\/media\/3281"}],"wp:attachment":[{"href":"https:\/\/archive.sana.sy\/tr\/index.php?rest_route=%2Fwp%2Fv2%2Fmedia&parent=3280"}],"wp:term":[{"taxonomy":"category","embeddable":true,"href":"https:\/\/archive.sana.sy\/tr\/index.php?rest_route=%2Fwp%2Fv2%2Fcategories&post=3280"},{"taxonomy":"post_tag","embeddable":true,"href":"https:\/\/archive.sana.sy\/tr\/index.php?rest_route=%2Fwp%2Fv2%2Ftags&post=3280"}],"curies":[{"name":"wp","href":"https:\/\/api.w.org\/{rel}","templated":true}]}}