{"id":32803,"date":"2015-05-10T16:06:08","date_gmt":"2015-05-10T13:06:08","guid":{"rendered":"http:\/\/sana.sy\/tr\/?p=32803"},"modified":"2015-05-10T16:27:14","modified_gmt":"2015-05-10T13:27:14","slug":"terore-karsi-savasta-ayni-hendekteyiz","status":"publish","type":"post","link":"https:\/\/archive.sana.sy\/tr\/?p=32803","title":{"rendered":"Filistin Her Daim Suriye&#8217;nin Y\u00fcre\u011finde Kalacakt\u0131r"},"content":{"rendered":"<p>\u015eAM \u2013 Ba\u015fbakan Vail el Halaki bug\u00fcn Filistin Kurtulu\u015f Halk Cephesi\/Genel Komutanl\u0131k genel sekreteri Ahmet Cibril\u2019i kabul etti.<\/p>\n<p>Halaki g\u00f6r\u00fc\u015fmede Filistin\u2019in her daim Suriye&#8217;nin y\u00fcre\u011finde kalaca\u011f\u0131n\u0131 ifade ederken; Suriye&#8217;nin \u00f6zellikle Filistin davas\u0131 ba\u015fta olmak \u00fczere kader belirleyici milli davalardan caymas\u0131n\u0131n s\u00f6z konusu bile olamayaca\u011f\u0131n\u0131 vurgulad\u0131.<\/p>\n<p>Suriye halk\u0131n\u0131n tan\u0131k olduklar\u0131 t\u00fcm zorluklara ve evrensel sava\u015fa ra\u011fmen milli ve ulusalc\u0131 tutumlar\u0131na azim ve kararl\u0131l\u0131kla ba\u011fland\u0131klar\u0131n\u0131 belirten Halaki; Suriye&#8217;ye y\u00f6nelik evrensel ter\u00f6r sava\u015f\u0131nda i\u015fgalci \u0130srail&#8217;in temel rol\u00fcne \u0131\u015f\u0131k tuttu.<\/p>\n<p>Cephe genel sekreteri Cibril; Suriye&#8217;nin be\u015feriyetin ilk kez tan\u0131k oldu\u011fu h\u0131r\u00e7\u0131n ve zalim bir sava\u015fa maruz kald\u0131\u011f\u0131na i\u015faret ederken, Suriye&#8217;nin devlet, halk ve ordu olarak el ele bu sava\u015fa kar\u015f\u0131 m\u00fccadele ve ba\u015far\u0131lar\u0131n\u0131n destans\u0131 oldu\u011funu ifade etti. Cibril Suriye&#8217;nin Filistin davas\u0131 ve di\u011fer milli davalar u\u011fruna bulundu\u011fu e\u015fsiz fedakarl\u0131klar\u0131 unutman\u0131n m\u00fcmk\u00fcn olmad\u0131\u011f\u0131n\u0131 s\u00f6yledi.<\/p>\n<p><span style=\"color: #0000ff\">Ter\u00f6re Kar\u015f\u0131 Sava\u015fta Ayn\u0131 Hendekteyiz<\/span><\/p>\n<p>Bu arada Ba\u015fbakan Halaki Suriye ve Irak aras\u0131ndaki ortak kader ve derin k\u00f6klere dayal\u0131 tarihi ili\u015fkilerin, iki \u00fclke aras\u0131nda mevcut anla\u015fmalar\u0131 hayata ge\u00e7irmekle birlikte yeni alanlarda yeni anla\u015fmalar imzalamalar\u0131n\u0131 gerektirdi\u011fini belirtti.<\/p>\n<p><a href=\"http:\/\/sana.sy\/tr\/wp-content\/uploads\/2015\/05\/halaki-1.jpg\"><img loading=\"lazy\" decoding=\"async\" class=\"alignright wp-image-32805 size-medium\" src=\"http:\/\/sana.sy\/tr\/wp-content\/uploads\/2015\/05\/halaki-1-300x199.jpg\" alt=\"halaki 1\" width=\"300\" height=\"199\" srcset=\"https:\/\/archive.sana.sy\/tr\/wp-content\/uploads\/2015\/05\/halaki-1-300x199.jpg 300w, https:\/\/archive.sana.sy\/tr\/wp-content\/uploads\/2015\/05\/halaki-1-150x99.jpg 150w, https:\/\/archive.sana.sy\/tr\/wp-content\/uploads\/2015\/05\/halaki-1-1024x678.jpg 1024w\" sizes=\"auto, (max-width: 300px) 100vw, 300px\" \/><\/a>Irak\u2019\u0131n \u015eam B\u00fcy\u00fckel\u00e7isi Alaa el Cevadi\u2019yi Suriye&#8217;deki g\u00f6revinin sona ermesi m\u00fcnasebetiyle bug\u00fcn kabul eden Halaki; Suriye ve Irak aras\u0131ndaki ekonomik, ticari ve kalk\u0131nsal ili\u015fkileri geli\u015ftirmenin \u00f6nemine vurgu yapt\u0131. Halaki iki \u00fclke aras\u0131ndaki ili\u015fkilerin geli\u015ftirilmesi y\u00f6n\u00fcnde Cevadi\u2019nin harcad\u0131\u011f\u0131 \u00e7abalar\u0131n takdire \u015fayan oldu\u011funu s\u00f6yledi.<\/p>\n<p>Suriye ve Irak\u2019\u0131n ter\u00f6re kar\u015f\u0131 sava\u015fta ayn\u0131 hendekte oldu\u011funa i\u015faret eden Halaki; b\u00f6lge halklar\u0131n\u0131n istikrar ve g\u00fcvenli\u011fine kavu\u015fmas\u0131yla yap\u0131lanma ve kalk\u0131nma s\u00fcre\u00e7lerini ilerletmeleri a\u00e7\u0131s\u0131ndan ter\u00f6re kar\u015f\u0131 sava\u015fta i\u015fbirli\u011finin \u00f6nemine \u0131\u015f\u0131k tuttu.<\/p>\n<p>Irak\u2019\u0131n \u015eam B\u00fcy\u00fckel\u00e7isi Cevadi; iki \u00fclkenin ter\u00f6re kar\u015f\u0131 sava\u015fta birbirilerini desteklemeleriyle ter\u00f6r\u00fc bertaraf ederek ka\u00e7\u0131n\u0131lmaz zafere kavu\u015facaklar\u0131na inand\u0131\u011f\u0131n\u0131 ifade etti.<\/p>\n<p>D\u0131\u015fi\u015fleri ve Gurbet\u00e7iler Bakanl\u0131\u011f\u0131 20 Nisan\u2019da, \u015eam\u2019daki g\u00f6revinin sona ermesi m\u00fcnasebetiyle Cevadi\u2019ye veda resepsiyonu d\u00fczenlemi\u015fti.<\/p>\n<p>A.A. &#8211; M.M.<\/p>\n","protected":false},"excerpt":{"rendered":"<p>\u015eAM \u2013 Ba\u015fbakan Vail el Halaki bug\u00fcn Filistin Kurtulu\u015f Halk Cephesi\/Genel Komutanl\u0131k genel sekreteri Ahmet Cibril\u2019i kabul etti. Halaki g\u00f6r\u00fc\u015fmede Filistin\u2019in her daim Suriye&#8217;nin y\u00fcre\u011finde kalaca\u011f\u0131n\u0131 ifade ederken; Suriye&#8217;nin \u00f6zellikle Filistin davas\u0131 ba\u015fta olmak \u00fczere kader belirleyici milli davalardan caymas\u0131n\u0131n s\u00f6z konusu bile olamayaca\u011f\u0131n\u0131 vurgulad\u0131. Suriye halk\u0131n\u0131n tan\u0131k olduklar\u0131 t\u00fcm zorluklara ve evrensel sava\u015fa ra\u011fmen &hellip;<\/p>\n","protected":false},"author":1,"featured_media":32810,"comment_status":"closed","ping_status":"closed","sticky":false,"template":"","format":"standard","meta":{"footnotes":""},"categories":[479,478],"tags":[14426],"class_list":["post-32803","post","type-post","status-publish","format-standard","has-post-thumbnail","","category-haberler-yerel","category-yerel","tag-filistin-her-daim-suriyenin-yureginde-kalacaktir"],"_links":{"self":[{"href":"https:\/\/archive.sana.sy\/tr\/index.php?rest_route=\/wp\/v2\/posts\/32803","targetHints":{"allow":["GET"]}}],"collection":[{"href":"https:\/\/archive.sana.sy\/tr\/index.php?rest_route=\/wp\/v2\/posts"}],"about":[{"href":"https:\/\/archive.sana.sy\/tr\/index.php?rest_route=\/wp\/v2\/types\/post"}],"author":[{"embeddable":true,"href":"https:\/\/archive.sana.sy\/tr\/index.php?rest_route=\/wp\/v2\/users\/1"}],"replies":[{"embeddable":true,"href":"https:\/\/archive.sana.sy\/tr\/index.php?rest_route=%2Fwp%2Fv2%2Fcomments&post=32803"}],"version-history":[{"count":0,"href":"https:\/\/archive.sana.sy\/tr\/index.php?rest_route=\/wp\/v2\/posts\/32803\/revisions"}],"wp:featuredmedia":[{"embeddable":true,"href":"https:\/\/archive.sana.sy\/tr\/index.php?rest_route=\/wp\/v2\/media\/32810"}],"wp:attachment":[{"href":"https:\/\/archive.sana.sy\/tr\/index.php?rest_route=%2Fwp%2Fv2%2Fmedia&parent=32803"}],"wp:term":[{"taxonomy":"category","embeddable":true,"href":"https:\/\/archive.sana.sy\/tr\/index.php?rest_route=%2Fwp%2Fv2%2Fcategories&post=32803"},{"taxonomy":"post_tag","embeddable":true,"href":"https:\/\/archive.sana.sy\/tr\/index.php?rest_route=%2Fwp%2Fv2%2Ftags&post=32803"}],"curies":[{"name":"wp","href":"https:\/\/api.w.org\/{rel}","templated":true}]}}