{"id":32847,"date":"2015-05-10T20:07:14","date_gmt":"2015-05-10T17:07:14","guid":{"rendered":"http:\/\/www.sana.sy\/tr\/?p=32847"},"modified":"2015-05-10T20:16:39","modified_gmt":"2015-05-10T17:16:39","slug":"erdogan-ceteleri-basin-ekibine-saldirdi","status":"publish","type":"post","link":"https:\/\/archive.sana.sy\/tr\/?p=32847","title":{"rendered":"Erdo\u011fan \u00c7eteleri Bas\u0131n Ekibine Sald\u0131rd\u0131"},"content":{"rendered":"<p>\u0130DL\u0130B \u2013 \u0130dlib k\u0131rsal\u0131 Cisre\u015f\u015fu\u011fur B\u00f6lgesinde T\u00fcrkiye&#8217;deki rejimin askeri ve lojistik destek sa\u011flad\u0131\u011f\u0131 ter\u00f6r \u00e7eteleri \u0130dlib k\u0131rsal\u0131 Cisre\u015f\u015fu\u011fur b\u00f6lgesinde askeri operasyonlar\u0131 takip eden bas\u0131n heyetine sald\u0131rd\u0131.<\/p>\n<p>Suriye Uydu Televizyonu cani katil Erdo\u011fan \u00e7etelerinin sald\u0131r\u0131s\u0131nda Suriye Haber Televizyonu Muhabiri Abdo el Zemmam ve Haber Merkezi Muhabiri Cafer Yunus\u2019un yaraland\u0131klar\u0131n\u0131 belirtti.<\/p>\n<p>Muhabir Yunus SANA ile telefon ba\u011flant\u0131s\u0131nda; ter\u00f6ristlerin Cisre\u015f\u015fu\u011fur B\u00f6lgesindeki \u015eeker Fabrikas\u0131 yak\u0131nlar\u0131nda bas\u0131n ekibinin mevkiini bir roketle hedef almalar\u0131yla kendisinin ve meslekta\u015f\u0131 Zemmam\u2019\u0131n \u015farapnel par\u00e7alar\u0131yla ayaklar\u0131ndan yaraland\u0131klar\u0131n\u0131 s\u00f6yledi.<\/p>\n<p>Gazetecileri, sivilleri, hizmet kurumlar\u0131 ve altyap\u0131y\u0131 kin ve nefret roketleriyle hedef alan ter\u00f6r \u00e7etelerinin kendisini ulusal ve insani g\u00f6revinden cayd\u0131ramayaca\u011f\u0131n\u0131 belirten Yunus; bu ter\u00f6r \u00e7etelerini destekleyen ve art\u0131k herkes taraf\u0131ndan bilinen kimi devletler ve \u00e7etelerin ger\u00e7e\u011fini de\u015fifre etme kararl\u0131l\u0131\u011f\u0131n\u0131 ifade etti.<\/p>\n<p>Bu arada d\u0131\u015f destekli ter\u00f6r \u00e7eteleri insanl\u0131\u011fa kar\u015f\u0131 i\u015fledikleri vah\u015fetler ve kimi devletlerin kendilerine desteklerini de\u015fifre etmeyi \u00f6nleme amac\u0131yla bas\u0131n ekiplerine sald\u0131r\u0131lar\u0131n\u0131 yo\u011funla\u015ft\u0131rd\u0131\u011f\u0131 bildirildi.<\/p>\n<p>A.A. &#8211; M.M.<\/p>\n","protected":false},"excerpt":{"rendered":"<p>\u0130DL\u0130B \u2013 \u0130dlib k\u0131rsal\u0131 Cisre\u015f\u015fu\u011fur B\u00f6lgesinde T\u00fcrkiye&#8217;deki rejimin askeri ve lojistik destek sa\u011flad\u0131\u011f\u0131 ter\u00f6r \u00e7eteleri \u0130dlib k\u0131rsal\u0131 Cisre\u015f\u015fu\u011fur b\u00f6lgesinde askeri operasyonlar\u0131 takip eden bas\u0131n heyetine sald\u0131rd\u0131. Suriye Uydu Televizyonu cani katil Erdo\u011fan \u00e7etelerinin sald\u0131r\u0131s\u0131nda Suriye Haber Televizyonu Muhabiri Abdo el Zemmam ve Haber Merkezi Muhabiri Cafer Yunus\u2019un yaraland\u0131klar\u0131n\u0131 belirtti. Muhabir Yunus SANA ile telefon ba\u011flant\u0131s\u0131nda; &hellip;<\/p>\n","protected":false},"author":1,"featured_media":32848,"comment_status":"closed","ping_status":"closed","sticky":false,"template":"","format":"standard","meta":{"footnotes":""},"categories":[479,575,478],"tags":[14431],"class_list":["post-32847","post","type-post","status-publish","format-standard","has-post-thumbnail","","category-haberler-yerel","category-olaylar-ve-gercekler","category-yerel","tag-erdogan-ceteleri-basin-ekibine-saldirdi"],"_links":{"self":[{"href":"https:\/\/archive.sana.sy\/tr\/index.php?rest_route=\/wp\/v2\/posts\/32847","targetHints":{"allow":["GET"]}}],"collection":[{"href":"https:\/\/archive.sana.sy\/tr\/index.php?rest_route=\/wp\/v2\/posts"}],"about":[{"href":"https:\/\/archive.sana.sy\/tr\/index.php?rest_route=\/wp\/v2\/types\/post"}],"author":[{"embeddable":true,"href":"https:\/\/archive.sana.sy\/tr\/index.php?rest_route=\/wp\/v2\/users\/1"}],"replies":[{"embeddable":true,"href":"https:\/\/archive.sana.sy\/tr\/index.php?rest_route=%2Fwp%2Fv2%2Fcomments&post=32847"}],"version-history":[{"count":0,"href":"https:\/\/archive.sana.sy\/tr\/index.php?rest_route=\/wp\/v2\/posts\/32847\/revisions"}],"wp:featuredmedia":[{"embeddable":true,"href":"https:\/\/archive.sana.sy\/tr\/index.php?rest_route=\/wp\/v2\/media\/32848"}],"wp:attachment":[{"href":"https:\/\/archive.sana.sy\/tr\/index.php?rest_route=%2Fwp%2Fv2%2Fmedia&parent=32847"}],"wp:term":[{"taxonomy":"category","embeddable":true,"href":"https:\/\/archive.sana.sy\/tr\/index.php?rest_route=%2Fwp%2Fv2%2Fcategories&post=32847"},{"taxonomy":"post_tag","embeddable":true,"href":"https:\/\/archive.sana.sy\/tr\/index.php?rest_route=%2Fwp%2Fv2%2Ftags&post=32847"}],"curies":[{"name":"wp","href":"https:\/\/api.w.org\/{rel}","templated":true}]}}