{"id":32914,"date":"2015-05-11T12:35:44","date_gmt":"2015-05-11T09:35:44","guid":{"rendered":"http:\/\/sana.sy\/tr\/?p=32914"},"modified":"2015-05-11T12:35:44","modified_gmt":"2015-05-11T09:35:44","slug":"zablatani-bolgesindeki-sebze-haline-teror-saldirisinda-8-vatandas-yaralandi","status":"publish","type":"post","link":"https:\/\/archive.sana.sy\/tr\/?p=32914","title":{"rendered":"Zablatani B\u00f6lgesindeki Sebze Haline Ter\u00f6r Sald\u0131r\u0131s\u0131nda 8 Vatanda\u015f Yaraland\u0131"},"content":{"rendered":"<p>\u015eAM \u2013 Eli kanl\u0131 hain ve gaddar tekfiri ter\u00f6ristler bug\u00fcn Zablatani b\u00f6lgesinde havan f\u00fczeleriyle yine masum sivilleri hedef ald\u0131.<\/p>\n<p>Ter\u00f6r sald\u0131r\u0131s\u0131 sonucunda 8 vatanda\u015f yaraland\u0131.<\/p>\n<p>\u0130l Emniyet M\u00fcd\u00fcrl\u00fc\u011f\u00fc Kayna\u011f\u0131 SANA muhabirine a\u00e7\u0131klamas\u0131nda, ter\u00f6ristlerin f\u0131rlatt\u0131\u011f\u0131 2 havan f\u00fczesinin Zablatani b\u00f6lgesindeki Sebze Hali \u00e7evresine d\u00fc\u015fmesi sonucunda 8 vatanda\u015f\u0131n yaralanmas\u0131na yol a\u00e7t\u0131\u011f\u0131n\u0131 ve yaral\u0131lar\u0131n hastanelere kald\u0131r\u0131ld\u0131klar\u0131n\u0131 s\u00f6yledi.<\/p>\n<p>Ge\u00e7en Cumartesi g\u00fcn\u00fc de ter\u00f6rist \u00f6rg\u00fctler Hali, bir havan f\u00fczesiyle hedef alm\u0131\u015f ve yine 8 vatanda\u015f yaralanm\u0131\u015ft\u0131.<\/p>\n<p>Bilinece\u011fi \u00fczere Sebze Hali, g\u00fcvenli b\u00f6lgeleri roket ve havan f\u00fczeleriyle hedef alan tekfiri ter\u00f6ristlerin bulundu\u011fu Cobar Semti ve Do\u011fu Guta\u2019n\u0131n biti\u015fi\u011finde bulunuyor.<\/p>\n<p>S.\u015e. &#8211; R.H.<\/p>\n","protected":false},"excerpt":{"rendered":"<p>\u015eAM \u2013 Eli kanl\u0131 hain ve gaddar tekfiri ter\u00f6ristler bug\u00fcn Zablatani b\u00f6lgesinde havan f\u00fczeleriyle yine masum sivilleri hedef ald\u0131. Ter\u00f6r sald\u0131r\u0131s\u0131 sonucunda 8 vatanda\u015f yaraland\u0131. \u0130l Emniyet M\u00fcd\u00fcrl\u00fc\u011f\u00fc Kayna\u011f\u0131 SANA muhabirine a\u00e7\u0131klamas\u0131nda, ter\u00f6ristlerin f\u0131rlatt\u0131\u011f\u0131 2 havan f\u00fczesinin Zablatani b\u00f6lgesindeki Sebze Hali \u00e7evresine d\u00fc\u015fmesi sonucunda 8 vatanda\u015f\u0131n yaralanmas\u0131na yol a\u00e7t\u0131\u011f\u0131n\u0131 ve yaral\u0131lar\u0131n hastanelere kald\u0131r\u0131ld\u0131klar\u0131n\u0131 s\u00f6yledi. Ge\u00e7en &hellip;<\/p>\n","protected":false},"author":1,"featured_media":30803,"comment_status":"closed","ping_status":"closed","sticky":false,"template":"","format":"standard","meta":{"footnotes":""},"categories":[575],"tags":[],"class_list":["post-32914","post","type-post","status-publish","format-standard","has-post-thumbnail","","category-olaylar-ve-gercekler"],"_links":{"self":[{"href":"https:\/\/archive.sana.sy\/tr\/index.php?rest_route=\/wp\/v2\/posts\/32914","targetHints":{"allow":["GET"]}}],"collection":[{"href":"https:\/\/archive.sana.sy\/tr\/index.php?rest_route=\/wp\/v2\/posts"}],"about":[{"href":"https:\/\/archive.sana.sy\/tr\/index.php?rest_route=\/wp\/v2\/types\/post"}],"author":[{"embeddable":true,"href":"https:\/\/archive.sana.sy\/tr\/index.php?rest_route=\/wp\/v2\/users\/1"}],"replies":[{"embeddable":true,"href":"https:\/\/archive.sana.sy\/tr\/index.php?rest_route=%2Fwp%2Fv2%2Fcomments&post=32914"}],"version-history":[{"count":0,"href":"https:\/\/archive.sana.sy\/tr\/index.php?rest_route=\/wp\/v2\/posts\/32914\/revisions"}],"wp:featuredmedia":[{"embeddable":true,"href":"https:\/\/archive.sana.sy\/tr\/index.php?rest_route=\/wp\/v2\/media\/30803"}],"wp:attachment":[{"href":"https:\/\/archive.sana.sy\/tr\/index.php?rest_route=%2Fwp%2Fv2%2Fmedia&parent=32914"}],"wp:term":[{"taxonomy":"category","embeddable":true,"href":"https:\/\/archive.sana.sy\/tr\/index.php?rest_route=%2Fwp%2Fv2%2Fcategories&post=32914"},{"taxonomy":"post_tag","embeddable":true,"href":"https:\/\/archive.sana.sy\/tr\/index.php?rest_route=%2Fwp%2Fv2%2Ftags&post=32914"}],"curies":[{"name":"wp","href":"https:\/\/api.w.org\/{rel}","templated":true}]}}