{"id":32916,"date":"2015-05-11T12:39:09","date_gmt":"2015-05-11T09:39:09","guid":{"rendered":"http:\/\/sana.sy\/tr\/?p=32916"},"modified":"2015-05-11T12:39:09","modified_gmt":"2015-05-11T09:39:09","slug":"libya-ordusu-karasularina-izinsiz-giren-turk-bandirali-gemiyi-fuzelerle-vurdu","status":"publish","type":"post","link":"https:\/\/archive.sana.sy\/tr\/?p=32916","title":{"rendered":"Libya Ordusu Karasular\u0131na \u0130zinsiz Giren T\u00fcrk Band\u0131ral\u0131 Gemiyi F\u00fczelerle Vurdu"},"content":{"rendered":"<p>TRABLUSGARP \u2013 Libya ordu kuvvetleri \u00fclkenin kuzeydo\u011fusundaki Tobruk kenti yak\u0131nlar\u0131nda daha \u00f6nce bilgi vermeden Libya kara sular\u0131na girmesinden sonra T\u00fcrk band\u0131ral\u0131 bir y\u00fck gemisini hava ve karadan f\u00fczelerle vurdu.<\/p>\n<p>Libya askeri kaynaklar\u0131 bug\u00fcn yapt\u0131\u011f\u0131 a\u00e7\u0131klamada, orduya ba\u011fl\u0131 deniz kuvvetleriyle i\u015fbirli\u011finde hava silah\u0131n\u0131n d\u00fcn ak\u015fam T\u00fcrk band\u0131ral\u0131 bir y\u00fck gemisini Libya karasular\u0131na girmesi ve gemi tak\u0131m\u0131n karasulardan ayr\u0131lma veya arama i\u015flemlerine cevap vermemesi ard\u0131ndan Tobruk sahilleri yak\u0131nlar\u0131nda vurduklar\u0131n\u0131 belirtti.<\/p>\n<p>Kaynak, ordu kuvvetlerinin daha sonra y\u00fck\u00fcyle ilgili \u015f\u00fcpheler ard\u0131ndan s\u00f6z konusu y\u00fck gemisinin f\u00fczelerle vuruldu\u011funu a\u00e7\u0131klad\u0131.<\/p>\n<p>S.\u015e. &#8211; R.H.<\/p>\n","protected":false},"excerpt":{"rendered":"<p>TRABLUSGARP \u2013 Libya ordu kuvvetleri \u00fclkenin kuzeydo\u011fusundaki Tobruk kenti yak\u0131nlar\u0131nda daha \u00f6nce bilgi vermeden Libya kara sular\u0131na girmesinden sonra T\u00fcrk band\u0131ral\u0131 bir y\u00fck gemisini hava ve karadan f\u00fczelerle vurdu. Libya askeri kaynaklar\u0131 bug\u00fcn yapt\u0131\u011f\u0131 a\u00e7\u0131klamada, orduya ba\u011fl\u0131 deniz kuvvetleriyle i\u015fbirli\u011finde hava silah\u0131n\u0131n d\u00fcn ak\u015fam T\u00fcrk band\u0131ral\u0131 bir y\u00fck gemisini Libya karasular\u0131na girmesi ve gemi tak\u0131m\u0131n &hellip;<\/p>\n","protected":false},"author":1,"featured_media":32917,"comment_status":"closed","ping_status":"closed","sticky":false,"template":"","format":"standard","meta":{"footnotes":""},"categories":[458,459,447],"tags":[],"class_list":["post-32916","post","type-post","status-publish","format-standard","has-post-thumbnail","","category-dunya1","category-haberler-arap-uluslararasi-politika","category-politika"],"_links":{"self":[{"href":"https:\/\/archive.sana.sy\/tr\/index.php?rest_route=\/wp\/v2\/posts\/32916","targetHints":{"allow":["GET"]}}],"collection":[{"href":"https:\/\/archive.sana.sy\/tr\/index.php?rest_route=\/wp\/v2\/posts"}],"about":[{"href":"https:\/\/archive.sana.sy\/tr\/index.php?rest_route=\/wp\/v2\/types\/post"}],"author":[{"embeddable":true,"href":"https:\/\/archive.sana.sy\/tr\/index.php?rest_route=\/wp\/v2\/users\/1"}],"replies":[{"embeddable":true,"href":"https:\/\/archive.sana.sy\/tr\/index.php?rest_route=%2Fwp%2Fv2%2Fcomments&post=32916"}],"version-history":[{"count":0,"href":"https:\/\/archive.sana.sy\/tr\/index.php?rest_route=\/wp\/v2\/posts\/32916\/revisions"}],"wp:featuredmedia":[{"embeddable":true,"href":"https:\/\/archive.sana.sy\/tr\/index.php?rest_route=\/wp\/v2\/media\/32917"}],"wp:attachment":[{"href":"https:\/\/archive.sana.sy\/tr\/index.php?rest_route=%2Fwp%2Fv2%2Fmedia&parent=32916"}],"wp:term":[{"taxonomy":"category","embeddable":true,"href":"https:\/\/archive.sana.sy\/tr\/index.php?rest_route=%2Fwp%2Fv2%2Fcategories&post=32916"},{"taxonomy":"post_tag","embeddable":true,"href":"https:\/\/archive.sana.sy\/tr\/index.php?rest_route=%2Fwp%2Fv2%2Ftags&post=32916"}],"curies":[{"name":"wp","href":"https:\/\/api.w.org\/{rel}","templated":true}]}}