{"id":3293,"date":"2014-06-17T16:35:40","date_gmt":"2014-06-17T13:35:40","guid":{"rendered":"http:\/\/sanasyria.org\/tr\/?p=3293"},"modified":"2014-06-19T12:52:16","modified_gmt":"2014-06-19T09:52:16","slug":"sam-adliyesinde-toplam-959-kisi-yaralandi","status":"publish","type":"post","link":"https:\/\/archive.sana.sy\/tr\/?p=3293","title":{"rendered":"\u015eam Adliyesinde Toplam 959 Ki\u015fi Yaraland\u0131"},"content":{"rendered":"<p><span style=\"color: #800000\">\u0130LLER \u2013<\/span> \u015eam Ba\u015fsavc\u0131s\u0131 Ahmet Zahir Bekri 2014\/22 say\u0131l\u0131 genel af karar\u0131ndan \u015fu ana dek \u015eam Adliyesinin kay\u0131tlar\u0131na g\u00f6re 959 ki\u015finin tam olarak faydaland\u0131\u011f\u0131n\u0131 a\u00e7\u0131klarken, 240 ki\u015finin de c\u00fczi bir \u015fekilde faydaland\u0131klar\u0131n\u0131 belirtti.<\/p>\n<p>S\u00fcveyda Ba\u015fsavc\u0131s\u0131 Asaad el Seyyaf ise genel af karar\u0131 kapsam\u0131nda bug\u00fcn 17 ki\u015finin serbest b\u0131rak\u0131ld\u0131\u011f\u0131n\u0131 a\u00e7\u0131klarken il genelinde serbest b\u0131rak\u0131lanlar\u0131n say\u0131s\u0131n\u0131n 63\u2019e y\u00fckseldi\u011fini s\u00f6yledi.<\/p>\n<p>Seyyaf mahkum ve tutuklular\u0131n dosyalar\u0131n\u0131 inceleme \u00e7al\u0131\u015fmalar\u0131n\u0131n devam etti\u011fini ifade etti.<\/p>\n","protected":false},"excerpt":{"rendered":"<p>\u0130LLER \u2013 \u015eam Ba\u015fsavc\u0131s\u0131 Ahmet Zahir Bekri 2014\/22 say\u0131l\u0131 genel af karar\u0131ndan \u015fu ana dek \u015eam Adliyesinin kay\u0131tlar\u0131na g\u00f6re 959 ki\u015finin tam olarak faydaland\u0131\u011f\u0131n\u0131 a\u00e7\u0131klarken, 240 ki\u015finin de c\u00fczi bir \u015fekilde faydaland\u0131klar\u0131n\u0131 belirtti. S\u00fcveyda Ba\u015fsavc\u0131s\u0131 Asaad el Seyyaf ise genel af karar\u0131 kapsam\u0131nda bug\u00fcn 17 ki\u015finin serbest b\u0131rak\u0131ld\u0131\u011f\u0131n\u0131 a\u00e7\u0131klarken il genelinde serbest b\u0131rak\u0131lanlar\u0131n say\u0131s\u0131n\u0131n 63\u2019e &hellip;<\/p>\n","protected":false},"author":1,"featured_media":3294,"comment_status":"closed","ping_status":"closed","sticky":false,"template":"","format":"standard","meta":{"footnotes":""},"categories":[479,478],"tags":[726],"class_list":["post-3293","post","type-post","status-publish","format-standard","has-post-thumbnail","","category-haberler-yerel","category-yerel","tag-sam-adliyesinde-toplam-959-kisi-yaralandi"],"_links":{"self":[{"href":"https:\/\/archive.sana.sy\/tr\/index.php?rest_route=\/wp\/v2\/posts\/3293","targetHints":{"allow":["GET"]}}],"collection":[{"href":"https:\/\/archive.sana.sy\/tr\/index.php?rest_route=\/wp\/v2\/posts"}],"about":[{"href":"https:\/\/archive.sana.sy\/tr\/index.php?rest_route=\/wp\/v2\/types\/post"}],"author":[{"embeddable":true,"href":"https:\/\/archive.sana.sy\/tr\/index.php?rest_route=\/wp\/v2\/users\/1"}],"replies":[{"embeddable":true,"href":"https:\/\/archive.sana.sy\/tr\/index.php?rest_route=%2Fwp%2Fv2%2Fcomments&post=3293"}],"version-history":[{"count":0,"href":"https:\/\/archive.sana.sy\/tr\/index.php?rest_route=\/wp\/v2\/posts\/3293\/revisions"}],"wp:featuredmedia":[{"embeddable":true,"href":"https:\/\/archive.sana.sy\/tr\/index.php?rest_route=\/wp\/v2\/media\/3294"}],"wp:attachment":[{"href":"https:\/\/archive.sana.sy\/tr\/index.php?rest_route=%2Fwp%2Fv2%2Fmedia&parent=3293"}],"wp:term":[{"taxonomy":"category","embeddable":true,"href":"https:\/\/archive.sana.sy\/tr\/index.php?rest_route=%2Fwp%2Fv2%2Fcategories&post=3293"},{"taxonomy":"post_tag","embeddable":true,"href":"https:\/\/archive.sana.sy\/tr\/index.php?rest_route=%2Fwp%2Fv2%2Ftags&post=3293"}],"curies":[{"name":"wp","href":"https:\/\/api.w.org\/{rel}","templated":true}]}}